{"id":13090,"date":"2026-08-31T01:02:00","date_gmt":"2026-08-30T22:02:00","guid":{"rendered":"https:\/\/fxknews.com\/?p=13090"},"modified":"2026-08-31T01:02:05","modified_gmt":"2026-08-30T22:02:05","slug":"gerilim-artiyor-iran-abdnin-larak-adasi-saldirisinin-ardindan-dort-eyaletten-fuze-firlatti","status":"publish","type":"post","link":"https:\/\/fxknews.com\/?p=13090","title":{"rendered":"Gerilim Art\u0131yor; \u0130ran, ABD&#8217;nin Larak Adas\u0131 Sald\u0131r\u0131s\u0131n\u0131n Ard\u0131ndan D\u00f6rt Eyaletten F\u00fcze F\u0131rlatt\u0131"},"content":{"rendered":"\n<p class=\"wp-block-paragraph\">\u0130ran, ABD&#8217;nin Pazar g\u00fcn\u00fc Larak Adas\u0131&#8217;ndaki f\u0131rlatma rampalar\u0131na d\u00fczenledi\u011fi sald\u0131r\u0131ya misilleme yapma s\u00f6z\u00fcn\u00fcn ard\u0131ndan, Tahran, Lorestan, Karaj, Khorramabad ve \u015eiraz&#8217;dan balistik f\u00fczeler ve g\u00fcney \u0130ran&#8217;dan H\u00fcrm\u00fcz Bo\u011faz\u0131&#8217;na do\u011fru gemisavar seyir f\u00fczeleri f\u0131rlatt\u0131.<br><br>Tek bir sald\u0131r\u0131 noktas\u0131 yerine d\u00f6rt \u0130ran eyaletine yay\u0131lan misilleme bombard\u0131man\u0131, Tahran&#8217;\u0131n Larak Adas\u0131 sald\u0131r\u0131s\u0131na dar bir \u015fekilde kar\u015f\u0131l\u0131k vermek yerine cepheyi kas\u0131tl\u0131 olarak geni\u015fletti\u011finin sinyalini veriyor; bu da t\u00fcccarlar taraf\u0131ndan s\u0131n\u0131rl\u0131 bir misilleme yerine bir t\u0131rmanma olarak yorumlanabilir. H\u00fcrm\u00fcz Bo\u011faz\u0131&#8217;na do\u011fru f\u0131rlat\u0131lan gemisavar seyir f\u00fczeleri, petrol piyasalar\u0131 i\u00e7in en do\u011frudan \u00f6neme sahip olan\u0131d\u0131r, \u00e7\u00fcnk\u00fc sabit bir tesisi de\u011fil, do\u011frudan nakliye yolunu hedef alarak, ABD Merkez Komutanl\u0131\u011f\u0131 taraf\u0131ndan yeni temizlendi\u011fi a\u00e7\u0131klanan may\u0131n ve f\u00fcze riskini yeniden g\u00fcndeme getiriyor. Brent ve WTI&#8217;nin bu haber \u00fczerine y\u00fckselmesi ve Umman arabuluculu\u011funda ge\u00e7ici bir nakliye koridoru konusunda yap\u0131lan g\u00f6r\u00fc\u015fmelerle ba\u011flant\u0131l\u0131 son geri \u00e7ekilmenin bir k\u0131sm\u0131n\u0131 tersine \u00e7evirmesi muhtemeldir. H\u00fcrm\u00fcz&#8217;den ge\u00e7en tankerler i\u00e7in navlun ve sava\u015f riski sigorta maliyetlerinin de artmas\u0131 bekleniyor. F\u0131rlatmalar\u0131n daha geni\u015f co\u011frafi yay\u0131l\u0131m\u0131, bu modelin ge\u00e7mi\u015f \u00f6rneklerinde oldu\u011fu gibi Bahreyn ve di\u011fer K\u00f6rfez hedeflerine kadar uzanmas\u0131, \u0130ran&#8217;\u0131n kendi k\u0131y\u0131 \u015feridinin \u00f6tesinde nakliye ve enerji altyap\u0131s\u0131n\u0131 daha da aksatabilecek daha geni\u015f bir b\u00f6lgesel tepki riskini art\u0131r\u0131yor.<\/p>\n\n\n\n<p class=\"wp-block-paragraph\">Tahran, Larak Adas\u0131 sald\u0131r\u0131s\u0131na, H\u00fcrm\u00fcz Bo\u011faz\u0131 ve giri\u015flerini hedef alan \u00e7ok b\u00f6lgeli bir f\u00fcze sald\u0131r\u0131s\u0131yla kar\u015f\u0131l\u0131k verdi.<\/p>\n\n\n\n<p class=\"wp-block-paragraph\"><strong>\u00d6zet:<\/strong><\/p>\n\n\n\n<ul class=\"wp-block-list\">\n<li>\u00c7e\u015fitli raporlar, Tahran ve Lorestan vilayetinden, ayr\u0131ca Karaj ve Khorramabad&#8217;dan ayr\u0131 ayr\u0131 balistik f\u00fcze f\u0131rlat\u0131ld\u0131\u011f\u0131n\u0131 g\u00f6steriyor.<\/li>\n\n\n\n<li>G\u00fcney \u0130ran&#8217;dan H\u00fcrm\u00fcz Bo\u011faz\u0131&#8217;na do\u011fru gemisavar seyir f\u00fczeleri f\u0131rlat\u0131ld\u0131.<\/li>\n\n\n\n<li>Fars eyaletinin \u015eiraz kentinden de balistik f\u00fcze f\u0131rlat\u0131ld\u0131\u011f\u0131 bildirildi.<\/li>\n\n\n\n<li>Bu f\u0131rlatmalar, ABD&#8217;nin Pazar g\u00fcn\u00fc Larak Adas\u0131&#8217;ndaki iki \u0130ran Devrim Muhaf\u0131zlar\u0131 roketatar\u0131na d\u00fczenledi\u011fi bildirilen sald\u0131r\u0131n\u0131n ard\u0131ndan \u0130ran Devrim Muhaf\u0131zlar\u0131&#8217;n\u0131n misilleme s\u00f6z\u00fc vermesinin ard\u0131ndan geldi.<\/li>\n\n\n\n<li>\u0130ran Devrim Muhaf\u0131zlar\u0131, Larak sald\u0131r\u0131s\u0131n\u0131 do\u011frulad\u0131 ve kesin bir say\u0131 vermeden \u0130ranl\u0131 sava\u015f\u00e7\u0131lar\u0131n ve sivillerin \u00f6ld\u00fc\u011f\u00fcn\u00fc veya yaraland\u0131\u011f\u0131n\u0131 bildirdi.<\/li>\n\n\n\n<li>Bu bombard\u0131man, ABD Merkez Komutanl\u0131\u011f\u0131&#8217;n\u0131n H\u00fcrm\u00fcz&#8217;\u00fcn ana uluslararas\u0131 denizcilik rotalar\u0131ndan deniz may\u0131nlar\u0131n\u0131 temizledi\u011fini a\u00e7\u0131klamas\u0131ndan hemen sonra geldi.<\/li>\n<\/ul>\n\n\n\n<p class=\"wp-block-paragraph\">\u0130ran, Pazar g\u00fcn\u00fc Larak Adas\u0131&#8217;na d\u00fczenlenen ABD sald\u0131r\u0131s\u0131n\u0131n ard\u0131ndan \u0130slam Devrim Muhaf\u0131zlar\u0131 Ordusu&#8217;nun misilleme s\u00f6z\u00fc verdi\u011fi bir hamle olarak, en az d\u00f6rt eyaletten H\u00fcrm\u00fcz Bo\u011faz\u0131&#8217;na do\u011fru gemisavar seyir f\u00fczeleri de dahil olmak \u00fczere bir dizi f\u00fcze f\u0131rlatt\u0131. \u00c7ok say\u0131da haberde, Tahran ve Lorestan eyaletinden balistik f\u00fcze f\u0131rlat\u0131lmas\u0131, Karaj ve Khorramabad&#8217;dan yap\u0131lan ek f\u0131rlatmalar ve Fars eyaletindeki \u015eiraz&#8217;dan yap\u0131lan ek balistik f\u00fcze at\u0131\u015flar\u0131n\u0131n yan\u0131 s\u0131ra, g\u00fcney \u0130ran&#8217;dan bo\u011faza do\u011fru gemisavar seyir f\u00fczelerinin ate\u015flendi\u011fi belirtiliyor.<\/p>\n\n\n\n<p class=\"wp-block-paragraph\">ABD&#8217;li bir yetkilinin a\u00e7\u0131klamas\u0131na g\u00f6re, bu bombard\u0131man, Larak Adas\u0131&#8217;ndaki iki \u0130ran Devrim Muhaf\u0131zlar\u0131 (IRGC) roketatar\u0131na d\u00fczenlenen ve H\u00fcrm\u00fcz Bo\u011faz\u0131&#8217;na deniz may\u0131nlar\u0131yla donat\u0131lm\u0131\u015f roketler f\u0131rlatmaya haz\u0131rland\u0131klar\u0131 g\u00f6zlemlenen bir sald\u0131r\u0131n\u0131n ard\u0131ndan geldi. IRGC, Larak&#8217;a yap\u0131lan sald\u0131r\u0131y\u0131 do\u011frulad\u0131 ve \u0130ranl\u0131 sava\u015f\u00e7\u0131lar\u0131n ve sivillerin \u00f6ld\u00fc\u011f\u00fcn\u00fc veya yaraland\u0131\u011f\u0131n\u0131, ancak kesin bir rakam vermedi\u011fini ve kar\u015f\u0131l\u0131k verece\u011fini s\u00f6yledi. Bu sald\u0131r\u0131, birka\u00e7 haftad\u0131r \u0130ran i\u00e7inde ger\u00e7ekle\u015fen ilk bilinen ABD eylemiydi; bu durgunluk, bo\u011faz\u0131n normal gemi trafi\u011fine yeniden a\u00e7\u0131lmas\u0131 konusunda Umman arabuluculu\u011funda yo\u011funla\u015fan diplomatik g\u00f6r\u00fc\u015fmelerle ayn\u0131 zamana denk gelmi\u015fti.<\/p>\n\n\n\n<p class=\"wp-block-paragraph\">Pazartesi g\u00fcn\u00fc ger\u00e7ekle\u015ftirilen f\u00fcze sald\u0131r\u0131lar\u0131n\u0131n co\u011frafi yay\u0131l\u0131m\u0131, ba\u015fkent b\u00f6lgesinden \u0130ran&#8217;\u0131n g\u00fcney k\u0131y\u0131lar\u0131na kadar uzanarak tek bir yerel sald\u0131r\u0131dan ziyade koordineli bir yan\u0131t\u0131 i\u015faret ediyor. Ayr\u0131ca, H\u00fcrm\u00fcz Bo\u011faz\u0131&#8217;n\u0131 hedef alan gemisavar seyir f\u00fczelerinin de dahil edilmesi, ABD&#8217;nin yak\u0131n zamanda deniz may\u0131nlar\u0131ndan temizledi\u011fini s\u00f6yledi\u011fi deniz yolunu do\u011frudan tehdit ediyor. ABD Merkez Komutanl\u0131\u011f\u0131, abluka uygulamas\u0131n\u0131 yeniden ba\u015flatt\u0131\u011f\u0131ndan beri yakla\u015f\u0131k 1.500 ticari geminin g\u00fcvenli ge\u00e7i\u015fini sa\u011flad\u0131\u011f\u0131n\u0131 ve bo\u011fazda tankerlere y\u00f6nelik tan\u0131mlanamayan mermi sald\u0131r\u0131lar\u0131n\u0131n devam etti\u011fini bildirmi\u015fti.<\/p>\n\n\n\n<p class=\"wp-block-paragraph\">Bu kar\u015f\u0131l\u0131kl\u0131 sald\u0131r\u0131, Umman ve \u0130ran&#8217;\u0131n ge\u00e7ici bir transit koridoru kurma giri\u015fiminde bulundu\u011fu bir d\u00f6nemde, H\u00fcrm\u00fcz Bo\u011faz\u0131 \u00fczerinden yap\u0131lan deniz ta\u015f\u0131mac\u0131l\u0131\u011f\u0131n\u0131 istikrara kavu\u015fturmak i\u00e7in aylard\u0131r s\u00fcren k\u0131r\u0131lgan \u00e7abalar\u0131 alt \u00fcst etme tehdidi ta\u015f\u0131yor. Alt\u0131 ayl\u0131k bir \u00e7at\u0131\u015fman\u0131n ard\u0131ndan, her iki taraf da bu kar\u015f\u0131l\u0131kl\u0131 sald\u0131r\u0131lar\u0131n askeri hedeflerle s\u0131n\u0131rl\u0131 kal\u0131p kalmayaca\u011f\u0131 veya k\u00fcresel petrol piyasalar\u0131n\u0131n ba\u011fl\u0131 oldu\u011fu deniz ta\u015f\u0131mac\u0131l\u0131\u011f\u0131 hatlar\u0131na ve altyap\u0131ya daha fazla yay\u0131l\u0131p yay\u0131lmayaca\u011f\u0131 konusunda yeni bir s\u0131navla kar\u015f\u0131 kar\u015f\u0131ya.<\/p>\n","protected":false},"excerpt":{"rendered":"<p>\u0130ran, ABD&#8217;nin Pazar g\u00fcn\u00fc Larak Adas\u0131&#8217;ndaki f\u0131rlatma rampalar\u0131na d\u00fczenledi\u011fi sald\u0131r\u0131ya misilleme yapma s\u00f6z\u00fcn\u00fcn ard\u0131ndan, Tahran, Lorestan, Karaj, Khorramabad ve \u015eiraz&#8217;dan<\/p>\n","protected":false},"author":1,"featured_media":13091,"comment_status":"open","ping_status":"open","sticky":false,"template":"","format":"standard","meta":{"colormag_page_container_layout":"default_layout","colormag_page_sidebar_layout":"default_layout","footnotes":""},"categories":[17],"tags":[20,19,18],"class_list":["post-13090","post","type-post","status-publish","format-standard","has-post-thumbnail","hentry","category-gundem","tag-abd","tag-iran","tag-trump"],"_links":{"self":[{"href":"https:\/\/fxknews.com\/index.php?rest_route=\/wp\/v2\/posts\/13090","targetHints":{"allow":["GET"]}}],"collection":[{"href":"https:\/\/fxknews.com\/index.php?rest_route=\/wp\/v2\/posts"}],"about":[{"href":"https:\/\/fxknews.com\/index.php?rest_route=\/wp\/v2\/types\/post"}],"author":[{"embeddable":true,"href":"https:\/\/fxknews.com\/index.php?rest_route=\/wp\/v2\/users\/1"}],"replies":[{"embeddable":true,"href":"https:\/\/fxknews.com\/index.php?rest_route=%2Fwp%2Fv2%2Fcomments&post=13090"}],"version-history":[{"count":1,"href":"https:\/\/fxknews.com\/index.php?rest_route=\/wp\/v2\/posts\/13090\/revisions"}],"predecessor-version":[{"id":13092,"href":"https:\/\/fxknews.com\/index.php?rest_route=\/wp\/v2\/posts\/13090\/revisions\/13092"}],"wp:featuredmedia":[{"embeddable":true,"href":"https:\/\/fxknews.com\/index.php?rest_route=\/wp\/v2\/media\/13091"}],"wp:attachment":[{"href":"https:\/\/fxknews.com\/index.php?rest_route=%2Fwp%2Fv2%2Fmedia&parent=13090"}],"wp:term":[{"taxonomy":"category","embeddable":true,"href":"https:\/\/fxknews.com\/index.php?rest_route=%2Fwp%2Fv2%2Fcategories&post=13090"},{"taxonomy":"post_tag","embeddable":true,"href":"https:\/\/fxknews.com\/index.php?rest_route=%2Fwp%2Fv2%2Ftags&post=13090"}],"curies":[{"name":"wp","href":"https:\/\/api.w.org\/{rel}","templated":true}]}}