{"id":13113,"date":"2026-08-31T01:39:00","date_gmt":"2026-08-30T22:39:00","guid":{"rendered":"https:\/\/fxknews.com\/?p=13113"},"modified":"2026-08-31T01:30:19","modified_gmt":"2026-08-30T22:30:19","slug":"13113","status":"publish","type":"post","link":"https:\/\/fxknews.com\/?p=13113","title":{"rendered":""},"content":{"rendered":"\n<p class=\"wp-block-paragraph\">Bessent: Japonya muhtemelen Abenomics enflasyonist program\u0131n\u0131n sonuna ula\u015ft\u0131.<\/p>\n\n\n\n<p class=\"wp-block-paragraph\">ABD Hazine Bakan\u0131 Bessent, d\u00fczensiz hareketlerle ilgili sorulara yan\u0131t olarak yen dalgalanmalar\u0131n\u0131n &#8216;olduk\u00e7a kontrol alt\u0131nda&#8217; oldu\u011funu s\u00f6yledi.<\/p>\n\n\n\n<p class=\"wp-block-paragraph\">Bessent: G20 mali liderler zirvesi kapsam\u0131nda Japonya Merkez Bankas\u0131 Ba\u015fkan\u0131 Ueda ile g\u00f6r\u00fc\u015fecek ve Ueda&#8217;y\u0131 piyasa konusunda yetenekli, ancak hak etti\u011fi de\u011feri g\u00f6rmeyen bir ekonomist olarak \u00f6vd\u00fc.<\/p>\n\n\n\n<p class=\"wp-block-paragraph\">Bessent: Japonya Ba\u015fbakan\u0131&#8217;n\u0131n deste\u011fiyle, Japonya Merkez Bankas\u0131 Ba\u015fkan\u0131 Ueda para politikas\u0131 konusunda uygun \u015fekilde hareket edecektir.<\/p>\n\n\n\n<p class=\"wp-block-paragraph\">Bessent: Ba\u015fbakan Takaichi d\u00f6neminde h\u00fck\u00fcmet ekonomi politikas\u0131na daha az m\u00fcdahale ediyor, Abenomics&#8217;in ba\u015far\u0131s\u0131n\u0131n tad\u0131n\u0131 \u00e7\u0131karmal\u0131 ve kendi haline b\u0131rakmal\u0131y\u0131z.<\/p>\n\n\n\n<p class=\"wp-block-paragraph\">Bessent: Japonya Merkez Bankas\u0131&#8217;n\u0131n art arda faiz art\u0131r\u0131mlar\u0131n\u0131 de\u011ferlendirmesi gerekip gerekmedi\u011fi konusunda tavsiyede bulunmayacak.<\/p>\n\n\n\n<p class=\"wp-block-paragraph\"><\/p>\n","protected":false},"excerpt":{"rendered":"<p>Bessent: Japonya muhtemelen Abenomics enflasyonist program\u0131n\u0131n sonuna ula\u015ft\u0131. ABD Hazine Bakan\u0131 Bessent, d\u00fczensiz hareketlerle ilgili sorulara yan\u0131t olarak yen dalgalanmalar\u0131n\u0131n<\/p>\n","protected":false},"author":1,"featured_media":0,"comment_status":"open","ping_status":"open","sticky":false,"template":"","format":"standard","meta":{"colormag_page_container_layout":"default_layout","colormag_page_sidebar_layout":"default_layout","footnotes":""},"categories":[8],"tags":[167,53],"class_list":["post-13113","post","type-post","status-publish","format-standard","hentry","category-son-dakikalar","tag-bessent","tag-japonya"],"_links":{"self":[{"href":"https:\/\/fxknews.com\/index.php?rest_route=\/wp\/v2\/posts\/13113","targetHints":{"allow":["GET"]}}],"collection":[{"href":"https:\/\/fxknews.com\/index.php?rest_route=\/wp\/v2\/posts"}],"about":[{"href":"https:\/\/fxknews.com\/index.php?rest_route=\/wp\/v2\/types\/post"}],"author":[{"embeddable":true,"href":"https:\/\/fxknews.com\/index.php?rest_route=\/wp\/v2\/users\/1"}],"replies":[{"embeddable":true,"href":"https:\/\/fxknews.com\/index.php?rest_route=%2Fwp%2Fv2%2Fcomments&post=13113"}],"version-history":[{"count":1,"href":"https:\/\/fxknews.com\/index.php?rest_route=\/wp\/v2\/posts\/13113\/revisions"}],"predecessor-version":[{"id":13116,"href":"https:\/\/fxknews.com\/index.php?rest_route=\/wp\/v2\/posts\/13113\/revisions\/13116"}],"wp:attachment":[{"href":"https:\/\/fxknews.com\/index.php?rest_route=%2Fwp%2Fv2%2Fmedia&parent=13113"}],"wp:term":[{"taxonomy":"category","embeddable":true,"href":"https:\/\/fxknews.com\/index.php?rest_route=%2Fwp%2Fv2%2Fcategories&post=13113"},{"taxonomy":"post_tag","embeddable":true,"href":"https:\/\/fxknews.com\/index.php?rest_route=%2Fwp%2Fv2%2Ftags&post=13113"}],"curies":[{"name":"wp","href":"https:\/\/api.w.org\/{rel}","templated":true}]}}