{"id":13118,"date":"2026-08-31T01:30:49","date_gmt":"2026-08-30T22:30:49","guid":{"rendered":"https:\/\/fxknews.com\/?p=13118"},"modified":"2026-08-31T01:30:49","modified_gmt":"2026-08-30T22:30:49","slug":"13118","status":"publish","type":"post","link":"https:\/\/fxknews.com\/?p=13118","title":{"rendered":""},"content":{"rendered":"<p>Yeni Zelanda Enstit\u00fcs\u00fc\u2019n\u00fcn para politikas\u0131 g\u00f6lge kurulu, 2 Eyl\u00fcl\u2019deki Yeni Zelanda Merkez Bankas\u0131 toplant\u0131s\u0131nda resmi nakit faizinin 25 baz puan art\u0131r\u0131larak y\u00fczde 2,75\u2019e \u00e7\u0131kar\u0131lmas\u0131n\u0131 \u00f6ng\u00f6ren \u00fcyelerin \u00e7o\u011funlukta oldu\u011funu bildirdi. Kuruldaki baz\u0131 \u00fcyeler ise faizin y\u00fczde 2,50\u2019de sabit tutulmas\u0131n\u0131 savundu.<\/p>\n<p>Art\u0131\u015f yanl\u0131lar\u0131, \u00e7ekirdek enflasyonun hedef band\u0131n \u00fcst k\u0131sm\u0131nda kalmas\u0131n\u0131 gerek\u00e7e g\u00f6sterirken, beklemede kal\u0131nmas\u0131n\u0131 isteyenler i\u00e7 talebin zay\u0131f oldu\u011funu ve enflasyon beklentilerinin gev\u015fedi\u011fini s\u00f6yledi. Kurul, faiz oran\u0131n\u0131n \u00f6n\u00fcm\u00fczdeki bir y\u0131l i\u00e7inde y\u00fczde 3 ile y\u00fczde 3,25 band\u0131na y\u00fckselebilece\u011fini d\u00fc\u015f\u00fcn\u00fcyor.<\/p>\n","protected":false},"excerpt":{"rendered":"<p>Yeni Zelanda Enstit\u00fcs\u00fc\u2019n\u00fcn para politikas\u0131 g\u00f6lge kurulu, 2 Eyl\u00fcl\u2019deki Yeni Zelanda Merkez Bankas\u0131 toplant\u0131s\u0131nda resmi nakit faizinin 25 baz puan<\/p>\n","protected":false},"author":1,"featured_media":0,"comment_status":"open","ping_status":"open","sticky":false,"template":"","format":"standard","meta":{"colormag_page_container_layout":"default_layout","colormag_page_sidebar_layout":"default_layout","footnotes":""},"categories":[8],"tags":[2385,2962,2723],"class_list":["post-13118","post","type-post","status-publish","format-standard","hentry","category-son-dakikalar","tag-faiz-artirimi","tag-nzier-shadow-board","tag-yeni-zelanda-merkez-bankasi"],"_links":{"self":[{"href":"https:\/\/fxknews.com\/index.php?rest_route=\/wp\/v2\/posts\/13118","targetHints":{"allow":["GET"]}}],"collection":[{"href":"https:\/\/fxknews.com\/index.php?rest_route=\/wp\/v2\/posts"}],"about":[{"href":"https:\/\/fxknews.com\/index.php?rest_route=\/wp\/v2\/types\/post"}],"author":[{"embeddable":true,"href":"https:\/\/fxknews.com\/index.php?rest_route=\/wp\/v2\/users\/1"}],"replies":[{"embeddable":true,"href":"https:\/\/fxknews.com\/index.php?rest_route=%2Fwp%2Fv2%2Fcomments&post=13118"}],"version-history":[{"count":0,"href":"https:\/\/fxknews.com\/index.php?rest_route=\/wp\/v2\/posts\/13118\/revisions"}],"wp:attachment":[{"href":"https:\/\/fxknews.com\/index.php?rest_route=%2Fwp%2Fv2%2Fmedia&parent=13118"}],"wp:term":[{"taxonomy":"category","embeddable":true,"href":"https:\/\/fxknews.com\/index.php?rest_route=%2Fwp%2Fv2%2Fcategories&post=13118"},{"taxonomy":"post_tag","embeddable":true,"href":"https:\/\/fxknews.com\/index.php?rest_route=%2Fwp%2Fv2%2Ftags&post=13118"}],"curies":[{"name":"wp","href":"https:\/\/api.w.org\/{rel}","templated":true}]}}