{"id":13123,"date":"2026-08-31T03:30:08","date_gmt":"2026-08-31T00:30:08","guid":{"rendered":"https:\/\/fxknews.com\/?p=13123"},"modified":"2026-08-31T03:30:08","modified_gmt":"2026-08-31T00:30:08","slug":"13123","status":"publish","type":"post","link":"https:\/\/fxknews.com\/?p=13123","title":{"rendered":""},"content":{"rendered":"<p>Japonya\u2019da temmuz ay\u0131na ili\u015fkin \u00f6nc\u00fc veriler, sanayi \u00fcretimi ve perakende sat\u0131\u015flarda yukar\u0131 y\u00f6nl\u00fc s\u00fcrpriz g\u00f6sterdi. Sanayi \u00fcretimi ayl\u0131k bazda y\u00fczde 0,1 artarken, Reuters anketindeki y\u00fczde 0,7\u2019lik daralma tahmininin \u00fczerine \u00e7\u0131kt\u0131; y\u0131ll\u0131k art\u0131\u015f ise y\u00fczde 4,1 oldu.<\/p>\n<p>Perakende sat\u0131\u015flar ayn\u0131 d\u00f6nemde ayl\u0131k y\u00fczde 2,4 y\u00fckselerek hazirandaki y\u00fczde 4,1\u2019lik d\u00fc\u015f\u00fc\u015f\u00fc tersine \u00e7evirdi. Y\u0131ll\u0131k bazda sat\u0131\u015f art\u0131\u015f\u0131 y\u00fczde 4\u2019e ula\u015ft\u0131; h\u00fck\u00fcmetin anketinde ise \u00fcreticiler a\u011fustos i\u00e7in y\u00fczde 6,4\u2019l\u00fck art\u0131\u015f, eyl\u00fcl i\u00e7in y\u00fczde 4,2\u2019lik d\u00fc\u015f\u00fc\u015f bekledi.<\/p>\n<p>Veriler, Japonya Merkez Bankas\u0131\u2019n\u0131n i\u00e7 talebin enflasyon \u00fczerindeki etkisine ili\u015fkin tart\u0131\u015fmalar\u0131n\u0131 s\u00fcrd\u00fcrd\u00fc\u011f\u00fc d\u00f6nemde geldi. ABD Hazine Bakan\u0131 Scott Bessent\u2019in de yak\u0131n zamanda faiz art\u0131\u015flar\u0131n\u0131n zamanlamas\u0131nda Ba\u015fkan Kazuo Ueda\u2019n\u0131n de\u011ferlendirmesine b\u0131rakt\u0131\u011f\u0131n\u0131 s\u00f6ylemesi, piyasalar\u0131n oda\u011f\u0131n\u0131 Japonya\u2019daki b\u00fcy\u00fcme g\u00f6r\u00fcn\u00fcm\u00fcne \u00e7evirdi.<\/p>\n","protected":false},"excerpt":{"rendered":"<p>Japonya\u2019da temmuz ay\u0131na ili\u015fkin \u00f6nc\u00fc veriler, sanayi \u00fcretimi ve perakende sat\u0131\u015flarda yukar\u0131 y\u00f6nl\u00fc s\u00fcrpriz g\u00f6sterdi. Sanayi \u00fcretimi ayl\u0131k bazda y\u00fczde<\/p>\n","protected":false},"author":1,"featured_media":0,"comment_status":"open","ping_status":"open","sticky":false,"template":"","format":"standard","meta":{"colormag_page_container_layout":"default_layout","colormag_page_sidebar_layout":"default_layout","footnotes":""},"categories":[8],"tags":[90,2963,958],"class_list":["post-13123","post","type-post","status-publish","format-standard","hentry","category-son-dakikalar","tag-boj","tag-japonya-sanayi-uretimi","tag-perakende-satislar"],"_links":{"self":[{"href":"https:\/\/fxknews.com\/index.php?rest_route=\/wp\/v2\/posts\/13123","targetHints":{"allow":["GET"]}}],"collection":[{"href":"https:\/\/fxknews.com\/index.php?rest_route=\/wp\/v2\/posts"}],"about":[{"href":"https:\/\/fxknews.com\/index.php?rest_route=\/wp\/v2\/types\/post"}],"author":[{"embeddable":true,"href":"https:\/\/fxknews.com\/index.php?rest_route=\/wp\/v2\/users\/1"}],"replies":[{"embeddable":true,"href":"https:\/\/fxknews.com\/index.php?rest_route=%2Fwp%2Fv2%2Fcomments&post=13123"}],"version-history":[{"count":0,"href":"https:\/\/fxknews.com\/index.php?rest_route=\/wp\/v2\/posts\/13123\/revisions"}],"wp:attachment":[{"href":"https:\/\/fxknews.com\/index.php?rest_route=%2Fwp%2Fv2%2Fmedia&parent=13123"}],"wp:term":[{"taxonomy":"category","embeddable":true,"href":"https:\/\/fxknews.com\/index.php?rest_route=%2Fwp%2Fv2%2Fcategories&post=13123"},{"taxonomy":"post_tag","embeddable":true,"href":"https:\/\/fxknews.com\/index.php?rest_route=%2Fwp%2Fv2%2Ftags&post=13123"}],"curies":[{"name":"wp","href":"https:\/\/api.w.org\/{rel}","templated":true}]}}