{"id":13132,"date":"2026-08-31T05:30:41","date_gmt":"2026-08-31T02:30:41","guid":{"rendered":"https:\/\/fxknews.com\/?p=13132"},"modified":"2026-08-31T05:30:41","modified_gmt":"2026-08-31T02:30:41","slug":"13132","status":"publish","type":"post","link":"https:\/\/fxknews.com\/?p=13132","title":{"rendered":""},"content":{"rendered":"<p>Bank of America, Federal Reserve Ba\u015fkan\u0131 Kevin Warsh\u2019\u0131n Jackson Hole konu\u015fmas\u0131n\u0131n ard\u0131ndan eyl\u00fcldeki faiz karar\u0131nda art\u0131\u015f ihtimalinin g\u00fc\u00e7lendi\u011fini de\u011ferlendirdi. Banka, Warsh\u2019\u0131n temel \u00f6l\u00e7\u00fct olarak PCE enflasyonuna odakland\u0131\u011f\u0131n\u0131 ve 54%\u2019\u00fc y\u0131ll\u0131k bazda y\u00fczde 3\u2019\u00fcn \u00fczerinde seyreden PCE sepeti i\u00e7eri\u011fine i\u015faret etmesinin tonunu daha \u015fahin hale getirdi\u011fini s\u00f6yledi.<\/p>\n<p>BofA ayr\u0131ca Warsh\u2019\u0131n k\u0131sa vadeli faizlerin ana ara\u00e7 olmaya devam etti\u011fini vurgulad\u0131\u011f\u0131n\u0131, bilan\u00e7o k\u00fc\u00e7\u00fcltmenin ise faiz art\u0131\u015f\u0131n\u0131n yerine ge\u00e7meyece\u011fini belirtti\u011fini aktard\u0131. Banka, a\u011fustos istihdam ve enflasyon verileri \u00e7ok zay\u0131f gelmezse Warsh\u2019\u0131n eyl\u00fclde faiz art\u0131r\u0131m\u0131 yapmas\u0131 gerekti\u011fini, aksi halde konu\u015fmayla kazand\u0131\u011f\u0131 kredibilitenin zarar g\u00f6rebilece\u011fini savundu.<\/p>\n","protected":false},"excerpt":{"rendered":"<p>Bank of America, Federal Reserve Ba\u015fkan\u0131 Kevin Warsh\u2019\u0131n Jackson Hole konu\u015fmas\u0131n\u0131n ard\u0131ndan eyl\u00fcldeki faiz karar\u0131nda art\u0131\u015f ihtimalinin g\u00fc\u00e7lendi\u011fini de\u011ferlendirdi. Banka,<\/p>\n","protected":false},"author":1,"featured_media":0,"comment_status":"open","ping_status":"open","sticky":false,"template":"","format":"standard","meta":{"colormag_page_container_layout":"default_layout","colormag_page_sidebar_layout":"default_layout","footnotes":""},"categories":[8],"tags":[1427,26,2118],"class_list":["post-13132","post","type-post","status-publish","format-standard","hentry","category-son-dakikalar","tag-faiz-artisi-2","tag-fed","tag-pce-enflasyonu"],"_links":{"self":[{"href":"https:\/\/fxknews.com\/index.php?rest_route=\/wp\/v2\/posts\/13132","targetHints":{"allow":["GET"]}}],"collection":[{"href":"https:\/\/fxknews.com\/index.php?rest_route=\/wp\/v2\/posts"}],"about":[{"href":"https:\/\/fxknews.com\/index.php?rest_route=\/wp\/v2\/types\/post"}],"author":[{"embeddable":true,"href":"https:\/\/fxknews.com\/index.php?rest_route=\/wp\/v2\/users\/1"}],"replies":[{"embeddable":true,"href":"https:\/\/fxknews.com\/index.php?rest_route=%2Fwp%2Fv2%2Fcomments&post=13132"}],"version-history":[{"count":0,"href":"https:\/\/fxknews.com\/index.php?rest_route=\/wp\/v2\/posts\/13132\/revisions"}],"wp:attachment":[{"href":"https:\/\/fxknews.com\/index.php?rest_route=%2Fwp%2Fv2%2Fmedia&parent=13132"}],"wp:term":[{"taxonomy":"category","embeddable":true,"href":"https:\/\/fxknews.com\/index.php?rest_route=%2Fwp%2Fv2%2Fcategories&post=13132"},{"taxonomy":"post_tag","embeddable":true,"href":"https:\/\/fxknews.com\/index.php?rest_route=%2Fwp%2Fv2%2Ftags&post=13132"}],"curies":[{"name":"wp","href":"https:\/\/api.w.org\/{rel}","templated":true}]}}