{"id":13137,"date":"2026-08-31T07:31:02","date_gmt":"2026-08-31T04:31:02","guid":{"rendered":"https:\/\/fxknews.com\/?p=13137"},"modified":"2026-08-31T07:31:02","modified_gmt":"2026-08-31T04:31:02","slug":"13137","status":"publish","type":"post","link":"https:\/\/fxknews.com\/?p=13137","title":{"rendered":""},"content":{"rendered":"<p>\u0130ran, ABD\u2019den ya da destek\u00e7ilerinden gelecek yeni bir askeri sald\u0131r\u0131ya sert kar\u015f\u0131l\u0131k verece\u011fini a\u00e7\u0131klad\u0131. Tahran, gerilimin daha da t\u0131rmanmas\u0131n\u0131n sonu\u00e7lar\u0131ndan Washington\u2019un tam sorumlu oldu\u011funu s\u00f6yledi.<\/p>\n<p>\u0130ran\u2019\u0131n bug\u00fcn Birle\u015fik Arap Emirlikleri\u2019ndeki Al Minhad hava \u00fcss\u00fcn\u00fc dronlarla hedef ald\u0131\u011f\u0131, buna kar\u015f\u0131l\u0131k Irak\u2019taki ABD askeri \u00fcslerine de sald\u0131r\u0131 d\u00fczenlendi\u011fi aktar\u0131ld\u0131. Bu sald\u0131r\u0131lar\u0131n, Larak Adas\u0131\u2019na y\u00f6nelik sald\u0131r\u0131ya yan\u0131t olarak yap\u0131ld\u0131\u011f\u0131 belirtildi.<\/p>\n","protected":false},"excerpt":{"rendered":"<p>\u0130ran, ABD\u2019den ya da destek\u00e7ilerinden gelecek yeni bir askeri sald\u0131r\u0131ya sert kar\u015f\u0131l\u0131k verece\u011fini a\u00e7\u0131klad\u0131. Tahran, gerilimin daha da t\u0131rmanmas\u0131n\u0131n sonu\u00e7lar\u0131ndan<\/p>\n","protected":false},"author":1,"featured_media":0,"comment_status":"open","ping_status":"open","sticky":false,"template":"","format":"standard","meta":{"colormag_page_container_layout":"default_layout","colormag_page_sidebar_layout":"default_layout","footnotes":""},"categories":[8],"tags":[2975,1162,2976],"class_list":["post-13137","post","type-post","status-publish","format-standard","hentry","category-son-dakikalar","tag-dron-saldirisi","tag-iran-abd-gerilimi","tag-ortadogu"],"_links":{"self":[{"href":"https:\/\/fxknews.com\/index.php?rest_route=\/wp\/v2\/posts\/13137","targetHints":{"allow":["GET"]}}],"collection":[{"href":"https:\/\/fxknews.com\/index.php?rest_route=\/wp\/v2\/posts"}],"about":[{"href":"https:\/\/fxknews.com\/index.php?rest_route=\/wp\/v2\/types\/post"}],"author":[{"embeddable":true,"href":"https:\/\/fxknews.com\/index.php?rest_route=\/wp\/v2\/users\/1"}],"replies":[{"embeddable":true,"href":"https:\/\/fxknews.com\/index.php?rest_route=%2Fwp%2Fv2%2Fcomments&post=13137"}],"version-history":[{"count":0,"href":"https:\/\/fxknews.com\/index.php?rest_route=\/wp\/v2\/posts\/13137\/revisions"}],"wp:attachment":[{"href":"https:\/\/fxknews.com\/index.php?rest_route=%2Fwp%2Fv2%2Fmedia&parent=13137"}],"wp:term":[{"taxonomy":"category","embeddable":true,"href":"https:\/\/fxknews.com\/index.php?rest_route=%2Fwp%2Fv2%2Fcategories&post=13137"},{"taxonomy":"post_tag","embeddable":true,"href":"https:\/\/fxknews.com\/index.php?rest_route=%2Fwp%2Fv2%2Ftags&post=13137"}],"curies":[{"name":"wp","href":"https:\/\/api.w.org\/{rel}","templated":true}]}}