{"id":13142,"date":"2026-08-31T09:30:14","date_gmt":"2026-08-31T06:30:14","guid":{"rendered":"https:\/\/fxknews.com\/?p=13142"},"modified":"2026-08-31T09:30:14","modified_gmt":"2026-08-31T06:30:14","slug":"13142","status":"publish","type":"post","link":"https:\/\/fxknews.com\/?p=13142","title":{"rendered":""},"content":{"rendered":"<p>Euro B\u00f6lgesi cephesinde g\u00fcn\u00fcn \u00f6ne \u00e7\u0131kan verisi Almanya\u2019n\u0131n y\u0131ll\u0131k t\u00fcketici enflasyonu olacak. Piyasan\u0131n beklentisi, oran\u0131n temmuzdaki y\u00fczde 2,8\u2019den y\u00fczde 3,0\u2019a \u00e7\u0131kmas\u0131 y\u00f6n\u00fcnde; \u00e7ekirdek enflasyon verisi ise daha yak\u0131ndan izlenecek.<\/p>\n<p>Avrupa Merkez Bankas\u0131\u2019n\u0131n gelecek toplant\u0131da 25 baz puanl\u0131k faiz art\u0131\u015f\u0131 yapmas\u0131 bekleniyor ve politika faizinin y\u00fczde 2,50\u2019ye y\u00fckselmesi \u00f6ng\u00f6r\u00fcl\u00fcyor. ABD taraf\u0131nda Dallas Fed \u0130malat PMI a\u00e7\u0131klanacak, ancak verinin piyasada g\u00fc\u00e7l\u00fc bir etki yaratmas\u0131 beklenmiyor.<\/p>\n<p>\u00d6te yandan piyasalar, Jackson Hole\u2019daki \u015fahin konu\u015fman\u0131n ard\u0131ndan Fed faiz beklentilerini yeniden fiyatl\u0131yor. Eyl\u00fcl toplant\u0131s\u0131nda faiz art\u0131r\u0131m\u0131 ihtimali yakla\u015f\u0131k y\u00fczde 60\u2019a \u00e7\u0131karken, ABD dolar\u0131 ve alt\u0131n son d\u00f6nemdeki hareketlerin bir k\u0131sm\u0131n\u0131 geri verdi.<\/p>\n","protected":false},"excerpt":{"rendered":"<p>Euro B\u00f6lgesi cephesinde g\u00fcn\u00fcn \u00f6ne \u00e7\u0131kan verisi Almanya\u2019n\u0131n y\u0131ll\u0131k t\u00fcketici enflasyonu olacak. Piyasan\u0131n beklentisi, oran\u0131n temmuzdaki y\u00fczde 2,8\u2019den y\u00fczde 3,0\u2019a<\/p>\n","protected":false},"author":1,"featured_media":0,"comment_status":"open","ping_status":"open","sticky":false,"template":"","format":"standard","meta":{"colormag_page_container_layout":"default_layout","colormag_page_sidebar_layout":"default_layout","footnotes":""},"categories":[8],"tags":[2979,2980,2981],"class_list":["post-13142","post","type-post","status-publish","format-standard","hentry","category-son-dakikalar","tag-almanya-enflasyonu","tag-ecb-faiz-beklentisi","tag-fed-beklentileri"],"_links":{"self":[{"href":"https:\/\/fxknews.com\/index.php?rest_route=\/wp\/v2\/posts\/13142","targetHints":{"allow":["GET"]}}],"collection":[{"href":"https:\/\/fxknews.com\/index.php?rest_route=\/wp\/v2\/posts"}],"about":[{"href":"https:\/\/fxknews.com\/index.php?rest_route=\/wp\/v2\/types\/post"}],"author":[{"embeddable":true,"href":"https:\/\/fxknews.com\/index.php?rest_route=\/wp\/v2\/users\/1"}],"replies":[{"embeddable":true,"href":"https:\/\/fxknews.com\/index.php?rest_route=%2Fwp%2Fv2%2Fcomments&post=13142"}],"version-history":[{"count":0,"href":"https:\/\/fxknews.com\/index.php?rest_route=\/wp\/v2\/posts\/13142\/revisions"}],"wp:attachment":[{"href":"https:\/\/fxknews.com\/index.php?rest_route=%2Fwp%2Fv2%2Fmedia&parent=13142"}],"wp:term":[{"taxonomy":"category","embeddable":true,"href":"https:\/\/fxknews.com\/index.php?rest_route=%2Fwp%2Fv2%2Fcategories&post=13142"},{"taxonomy":"post_tag","embeddable":true,"href":"https:\/\/fxknews.com\/index.php?rest_route=%2Fwp%2Fv2%2Ftags&post=13142"}],"curies":[{"name":"wp","href":"https:\/\/api.w.org\/{rel}","templated":true}]}}