{"id":13174,"date":"2026-08-31T11:43:24","date_gmt":"2026-08-31T08:43:24","guid":{"rendered":"https:\/\/fxknews.com\/?p=13174"},"modified":"2026-08-31T11:43:29","modified_gmt":"2026-08-31T08:43:29","slug":"13174","status":"publish","type":"post","link":"https:\/\/fxknews.com\/?p=13174","title":{"rendered":""},"content":{"rendered":"<p>Ankete kat\u0131lan \u0130svi\u00e7re bankalar\u0131n\u0131n tamam\u0131, \u0130svi\u00e7re Merkez Bankas\u0131\u2019n\u0131n politika faizini bu y\u0131l\u0131n geri kalan\u0131nda y\u00fczde 0\u2019da b\u0131rakaca\u011f\u0131n\u0131 \u00f6ng\u00f6rd\u00fc. Kat\u0131l\u0131mc\u0131lar\u0131n y\u00fczde 60\u2019\u0131, bu seviyenin gelecek y\u0131l boyunca da korunaca\u011f\u0131n\u0131 d\u00fc\u015f\u00fcnd\u00fc.<\/p>\n<p>Geri kalan isimler ise SNB\u2019nin 2027\u2019de faiz art\u0131rmaya ba\u015flamas\u0131n\u0131 bekledi. \u00c7o\u011funluk, art\u0131\u015f\u0131n \u00f6nce y\u00fczde 0,25\u2019e \u00e7\u0131kmas\u0131 y\u00f6n\u00fcnde g\u00f6r\u00fc\u015f bildirdi; yaln\u0131zca bir kat\u0131l\u0131mc\u0131 y\u0131l sonuna kadar y\u00fczde 0,50 seviyesini i\u015faret etti.<\/p>\n<p>\u0130svi\u00e7re\u2019de son enflasyon verileri, fiyat bask\u0131lar\u0131ndan \u00e7ok deflasyon risklerinin \u00f6ne \u00e7\u0131kt\u0131\u011f\u0131n\u0131 g\u00f6sterdi. Mevcut tabloda fiyat art\u0131\u015flar\u0131n\u0131n hen\u00fcz s\u0131f\u0131r \u00e7izgisine ya da eksi b\u00f6lgeye ge\u00e7memesi, politika yap\u0131c\u0131lar\u0131n elini \u015fimdilik rahatlat\u0131yor.<\/p>\n","protected":false},"excerpt":{"rendered":"<p>Ankete kat\u0131lan \u0130svi\u00e7re bankalar\u0131n\u0131n tamam\u0131, \u0130svi\u00e7re Merkez Bankas\u0131\u2019n\u0131n politika faizini bu y\u0131l\u0131n geri kalan\u0131nda y\u00fczde 0\u2019da b\u0131rakaca\u011f\u0131n\u0131 \u00f6ng\u00f6rd\u00fc. Kat\u0131l\u0131mc\u0131lar\u0131n y\u00fczde<\/p>\n","protected":false},"author":1,"featured_media":0,"comment_status":"open","ping_status":"open","sticky":false,"template":"","format":"standard","meta":{"colormag_page_container_layout":"default_layout","colormag_page_sidebar_layout":"default_layout","footnotes":""},"categories":[8],"tags":[2442,1046,2536],"class_list":["post-13174","post","type-post","status-publish","format-standard","hentry","category-son-dakikalar","tag-deflasyon","tag-faiz-beklentisi","tag-isvicre-merkez-bankasi"],"_links":{"self":[{"href":"https:\/\/fxknews.com\/index.php?rest_route=\/wp\/v2\/posts\/13174","targetHints":{"allow":["GET"]}}],"collection":[{"href":"https:\/\/fxknews.com\/index.php?rest_route=\/wp\/v2\/posts"}],"about":[{"href":"https:\/\/fxknews.com\/index.php?rest_route=\/wp\/v2\/types\/post"}],"author":[{"embeddable":true,"href":"https:\/\/fxknews.com\/index.php?rest_route=\/wp\/v2\/users\/1"}],"replies":[{"embeddable":true,"href":"https:\/\/fxknews.com\/index.php?rest_route=%2Fwp%2Fv2%2Fcomments&post=13174"}],"version-history":[{"count":1,"href":"https:\/\/fxknews.com\/index.php?rest_route=\/wp\/v2\/posts\/13174\/revisions"}],"predecessor-version":[{"id":13182,"href":"https:\/\/fxknews.com\/index.php?rest_route=\/wp\/v2\/posts\/13174\/revisions\/13182"}],"wp:attachment":[{"href":"https:\/\/fxknews.com\/index.php?rest_route=%2Fwp%2Fv2%2Fmedia&parent=13174"}],"wp:term":[{"taxonomy":"category","embeddable":true,"href":"https:\/\/fxknews.com\/index.php?rest_route=%2Fwp%2Fv2%2Fcategories&post=13174"},{"taxonomy":"post_tag","embeddable":true,"href":"https:\/\/fxknews.com\/index.php?rest_route=%2Fwp%2Fv2%2Ftags&post=13174"}],"curies":[{"name":"wp","href":"https:\/\/api.w.org\/{rel}","templated":true}]}}