{"id":13231,"date":"2026-08-31T14:56:00","date_gmt":"2026-08-31T11:56:00","guid":{"rendered":"https:\/\/fxknews.com\/?p=13231"},"modified":"2026-08-31T14:48:37","modified_gmt":"2026-08-31T11:48:37","slug":"13231","status":"publish","type":"post","link":"https:\/\/fxknews.com\/?p=13231","title":{"rendered":""},"content":{"rendered":"\n<p class=\"wp-block-paragraph\">Hazine Bakan\u0131 Scott Bessent, Pazartesi g\u00fcnk\u00fc G20 maliye toplant\u0131s\u0131nda &#8220;Amerikan b\u00fcy\u00fcme g\u00fcndemi&#8221;ni savunacak, dereg\u00fclasyonu ve daha g\u00fc\u00e7l\u00fc k\u00fcresel b\u00fcy\u00fcmeyi vurgulayacak.<\/p>\n\n\n\n<p class=\"wp-block-paragraph\">Ancak ABD tarifeleri, \u0130ran sava\u015f\u0131 ve y\u00fcksek enerji fiyatlar\u0131, uluslararas\u0131 muhataplar\u0131n ele\u015ftirilerini \u00e7ekiyor.<\/p>\n\n\n\n<p class=\"wp-block-paragraph\">Bessent ayr\u0131ca yen m\u00fcdahaleleri, Hazine piyasalar\u0131 ve \u0130ran yapt\u0131r\u0131mlar\u0131 konusunda sorgulanmaya maruz kal\u0131yor; bu da piyasa g\u00fcvenilirli\u011fi hakk\u0131nda soru i\u015faretleri do\u011furuyor.<\/p>\n\n\n\n<p class=\"wp-block-paragraph\">IMF, 2026&#8217;da %3 k\u00fcresel b\u00fcy\u00fcme bekliyor, ancak risklerin a\u015fa\u011f\u0131 y\u00f6nl\u00fc bask\u0131 alt\u0131nda kalmaya devam etti\u011fi konusunda uyar\u0131yor.<\/p>\n","protected":false},"excerpt":{"rendered":"<p>Hazine Bakan\u0131 Scott Bessent, Pazartesi g\u00fcnk\u00fc G20 maliye toplant\u0131s\u0131nda &#8220;Amerikan b\u00fcy\u00fcme g\u00fcndemi&#8221;ni savunacak, dereg\u00fclasyonu ve daha g\u00fc\u00e7l\u00fc k\u00fcresel b\u00fcy\u00fcmeyi vurgulayacak.<\/p>\n","protected":false},"author":1,"featured_media":0,"comment_status":"open","ping_status":"open","sticky":false,"template":"","format":"standard","meta":{"colormag_page_container_layout":"default_layout","colormag_page_sidebar_layout":"default_layout","footnotes":""},"categories":[8],"tags":[167],"class_list":["post-13231","post","type-post","status-publish","format-standard","hentry","category-son-dakikalar","tag-bessent"],"_links":{"self":[{"href":"https:\/\/fxknews.com\/index.php?rest_route=\/wp\/v2\/posts\/13231","targetHints":{"allow":["GET"]}}],"collection":[{"href":"https:\/\/fxknews.com\/index.php?rest_route=\/wp\/v2\/posts"}],"about":[{"href":"https:\/\/fxknews.com\/index.php?rest_route=\/wp\/v2\/types\/post"}],"author":[{"embeddable":true,"href":"https:\/\/fxknews.com\/index.php?rest_route=\/wp\/v2\/users\/1"}],"replies":[{"embeddable":true,"href":"https:\/\/fxknews.com\/index.php?rest_route=%2Fwp%2Fv2%2Fcomments&post=13231"}],"version-history":[{"count":1,"href":"https:\/\/fxknews.com\/index.php?rest_route=\/wp\/v2\/posts\/13231\/revisions"}],"predecessor-version":[{"id":13232,"href":"https:\/\/fxknews.com\/index.php?rest_route=\/wp\/v2\/posts\/13231\/revisions\/13232"}],"wp:attachment":[{"href":"https:\/\/fxknews.com\/index.php?rest_route=%2Fwp%2Fv2%2Fmedia&parent=13231"}],"wp:term":[{"taxonomy":"category","embeddable":true,"href":"https:\/\/fxknews.com\/index.php?rest_route=%2Fwp%2Fv2%2Fcategories&post=13231"},{"taxonomy":"post_tag","embeddable":true,"href":"https:\/\/fxknews.com\/index.php?rest_route=%2Fwp%2Fv2%2Ftags&post=13231"}],"curies":[{"name":"wp","href":"https:\/\/api.w.org\/{rel}","templated":true}]}}