{"id":13390,"date":"2026-08-31T20:52:00","date_gmt":"2026-08-31T17:52:00","guid":{"rendered":"https:\/\/fxknews.com\/?p=13390"},"modified":"2026-08-31T20:38:23","modified_gmt":"2026-08-31T17:38:23","slug":"13390","status":"publish","type":"post","link":"https:\/\/fxknews.com\/?p=13390","title":{"rendered":""},"content":{"rendered":"\n<p class=\"wp-block-paragraph\">ABD&#8217;nin \u0130srail B\u00fcy\u00fckel\u00e7isi Mike Huckabee, Pazartesi g\u00fcn\u00fc Jerusalem Post&#8217;a verdi\u011fi r\u00f6portajda, T\u00fcrkiye&#8217;nin Ortado\u011fu&#8217;da istikrar sa\u011flay\u0131c\u0131 bir g\u00fc\u00e7 olmaya karar verece\u011fi konusunda umutlu oldu\u011funu s\u00f6yledi .<\/p>\n\n\n\n<p class=\"wp-block-paragraph\">B\u00fcy\u00fckel\u00e7i, Post gazetesine verdi\u011fi deme\u00e7te, &#8220;Bunun tam boyutunu, yani faydal\u0131 olup olmayacaklar\u0131n\u0131 bilmiyoruz,&#8221; dedi . &#8220;Umar\u0131m faydal\u0131 olmaya karar verirler.&#8221;<\/p>\n\n\n\n<p class=\"wp-block-paragraph\">B\u00fcy\u00fckel\u00e7inin a\u00e7\u0131klamalar\u0131, T\u00fcrk birliklerinin ve hava savunma sistemlerinin \u00fcsse konu\u015fland\u0131r\u0131lmas\u0131ndan k\u0131sa bir s\u00fcre \u00f6nce, bu ay\u0131n ba\u015flar\u0131nda \u0130srail&#8217;in Suriye&#8217;deki Ebu el-Duhur hava \u00fcss\u00fcne d\u00fczenledi\u011fi hava sald\u0131r\u0131s\u0131ndan haftalar sonra geldi. Sald\u0131r\u0131n\u0131n ard\u0131ndan Ba\u015fbakan Benjamin Netanyahu, &#8220;\u0130srail, T\u00fcrkiye&#8217;nin b\u00f6lgedeki istikrar\u0131 baltalama giri\u015fimlerine ve g\u00fcvenli\u011fine y\u00f6nelik her t\u00fcrl\u00fc tehdide kar\u015f\u0131 g\u00fc\u00e7l\u00fc bir \u015fekilde hareket etmeye devam edecektir&#8221; demi\u015fti.<\/p>\n\n\n\n<p class=\"wp-block-paragraph\">Huckabee&#8217;nin yorumlar\u0131 , ABD&#8217;nin \u0130srail B\u00fcy\u00fckel\u00e7ili\u011fi&#8217;nin Kud\u00fcs&#8217;teki Ho\u015fg\u00f6r\u00fc M\u00fczesi&#8217;nde d\u00fczenleyece\u011fi 250. Ba\u011f\u0131ms\u0131zl\u0131k G\u00fcn\u00fc etkinli\u011fi \u00f6ncesinde, Cuma g\u00fcn\u00fc Jerusalem Post&#8217;un Frontlines b\u00f6l\u00fcm\u00fcnde yay\u0131nlanacak \u00f6zel bir r\u00f6portaj\u0131n par\u00e7as\u0131 olarak yap\u0131ld\u0131 .<\/p>\n\n\n\n<p class=\"wp-block-paragraph\">B\u00fcy\u00fckel\u00e7i sald\u0131r\u0131y\u0131 bir uyar\u0131 sald\u0131r\u0131s\u0131 olarak nitelendirdi.<\/p>\n","protected":false},"excerpt":{"rendered":"<p>ABD&#8217;nin \u0130srail B\u00fcy\u00fckel\u00e7isi Mike Huckabee, Pazartesi g\u00fcn\u00fc Jerusalem Post&#8217;a verdi\u011fi r\u00f6portajda, T\u00fcrkiye&#8217;nin Ortado\u011fu&#8217;da istikrar sa\u011flay\u0131c\u0131 bir g\u00fc\u00e7 olmaya karar verece\u011fi<\/p>\n","protected":false},"author":1,"featured_media":0,"comment_status":"open","ping_status":"open","sticky":false,"template":"","format":"standard","meta":{"colormag_page_container_layout":"default_layout","colormag_page_sidebar_layout":"default_layout","footnotes":""},"categories":[8],"tags":[33],"class_list":["post-13390","post","type-post","status-publish","format-standard","hentry","category-son-dakikalar","tag-israil"],"_links":{"self":[{"href":"https:\/\/fxknews.com\/index.php?rest_route=\/wp\/v2\/posts\/13390","targetHints":{"allow":["GET"]}}],"collection":[{"href":"https:\/\/fxknews.com\/index.php?rest_route=\/wp\/v2\/posts"}],"about":[{"href":"https:\/\/fxknews.com\/index.php?rest_route=\/wp\/v2\/types\/post"}],"author":[{"embeddable":true,"href":"https:\/\/fxknews.com\/index.php?rest_route=\/wp\/v2\/users\/1"}],"replies":[{"embeddable":true,"href":"https:\/\/fxknews.com\/index.php?rest_route=%2Fwp%2Fv2%2Fcomments&post=13390"}],"version-history":[{"count":1,"href":"https:\/\/fxknews.com\/index.php?rest_route=\/wp\/v2\/posts\/13390\/revisions"}],"predecessor-version":[{"id":13391,"href":"https:\/\/fxknews.com\/index.php?rest_route=\/wp\/v2\/posts\/13390\/revisions\/13391"}],"wp:attachment":[{"href":"https:\/\/fxknews.com\/index.php?rest_route=%2Fwp%2Fv2%2Fmedia&parent=13390"}],"wp:term":[{"taxonomy":"category","embeddable":true,"href":"https:\/\/fxknews.com\/index.php?rest_route=%2Fwp%2Fv2%2Fcategories&post=13390"},{"taxonomy":"post_tag","embeddable":true,"href":"https:\/\/fxknews.com\/index.php?rest_route=%2Fwp%2Fv2%2Ftags&post=13390"}],"curies":[{"name":"wp","href":"https:\/\/api.w.org\/{rel}","templated":true}]}}