{"id":13405,"date":"2026-08-31T21:42:21","date_gmt":"2026-08-31T18:42:21","guid":{"rendered":"https:\/\/fxknews.com\/?p=13405"},"modified":"2026-08-31T21:42:25","modified_gmt":"2026-08-31T18:42:25","slug":"13405","status":"publish","type":"post","link":"https:\/\/fxknews.com\/?p=13405","title":{"rendered":""},"content":{"rendered":"<p>ABD Federal Ticaret Komisyonu, Amazon\u2019a reklam fiyatlar\u0131n\u0131 manip\u00fcle etti\u011fi ve bunu yedi y\u0131l boyunca onlarca milyar dolar gelir elde etmek i\u00e7in kulland\u0131\u011f\u0131 iddias\u0131yla pazartesi g\u00fcn\u00fc \u015fikayet sunmay\u0131 planl\u0131yor.<\/p>\n<p>Dava, iki partiden 20\u2019den fazla eyalet ba\u015fsavc\u0131s\u0131n\u0131n yer ald\u0131\u011f\u0131 bir grubun deste\u011fiyle Seattle\u2019daki federal mahkemeye ta\u015f\u0131nacak. \u0130ddialar aras\u0131nda, Amazon\u2019un reklam vermek isteyen \u015firketlerin \u00f6demesi gereken asgari tutar\u0131 gizlice y\u00fckselterek reklamverenleri aldatt\u0131\u011f\u0131 da yer al\u0131yor.<\/p>\n<p>Bu, FTC\u2019nin Amazon\u2019a kar\u015f\u0131 a\u00e7aca\u011f\u0131 \u00fc\u00e7\u00fcnc\u00fc b\u00fcy\u00fck dava olacak. \u015eirket ge\u00e7en y\u0131l Prime aboneli\u011fiyle ilgili ayr\u0131 bir davay\u0131 2,5 milyar dolar \u00f6deyerek uzla\u015fm\u0131\u015ft\u0131; tekelle\u015fme su\u00e7lamas\u0131 i\u00e7eren ba\u015fka bir dava ise gelecek y\u0131l yarg\u0131lanacak.<\/p>\n","protected":false},"excerpt":{"rendered":"<p>ABD Federal Ticaret Komisyonu, Amazon\u2019a reklam fiyatlar\u0131n\u0131 manip\u00fcle etti\u011fi ve bunu yedi y\u0131l boyunca onlarca milyar dolar gelir elde etmek<\/p>\n","protected":false},"author":1,"featured_media":0,"comment_status":"open","ping_status":"open","sticky":false,"template":"","format":"standard","meta":{"colormag_page_container_layout":"default_layout","colormag_page_sidebar_layout":"default_layout","footnotes":""},"categories":[8],"tags":[3077,3078,3079],"class_list":["post-13405","post","type-post","status-publish","format-standard","hentry","category-son-dakikalar","tag-amazon-davasi","tag-ftc","tag-reklamverenler"],"_links":{"self":[{"href":"https:\/\/fxknews.com\/index.php?rest_route=\/wp\/v2\/posts\/13405","targetHints":{"allow":["GET"]}}],"collection":[{"href":"https:\/\/fxknews.com\/index.php?rest_route=\/wp\/v2\/posts"}],"about":[{"href":"https:\/\/fxknews.com\/index.php?rest_route=\/wp\/v2\/types\/post"}],"author":[{"embeddable":true,"href":"https:\/\/fxknews.com\/index.php?rest_route=\/wp\/v2\/users\/1"}],"replies":[{"embeddable":true,"href":"https:\/\/fxknews.com\/index.php?rest_route=%2Fwp%2Fv2%2Fcomments&post=13405"}],"version-history":[{"count":1,"href":"https:\/\/fxknews.com\/index.php?rest_route=\/wp\/v2\/posts\/13405\/revisions"}],"predecessor-version":[{"id":13411,"href":"https:\/\/fxknews.com\/index.php?rest_route=\/wp\/v2\/posts\/13405\/revisions\/13411"}],"wp:attachment":[{"href":"https:\/\/fxknews.com\/index.php?rest_route=%2Fwp%2Fv2%2Fmedia&parent=13405"}],"wp:term":[{"taxonomy":"category","embeddable":true,"href":"https:\/\/fxknews.com\/index.php?rest_route=%2Fwp%2Fv2%2Fcategories&post=13405"},{"taxonomy":"post_tag","embeddable":true,"href":"https:\/\/fxknews.com\/index.php?rest_route=%2Fwp%2Fv2%2Ftags&post=13405"}],"curies":[{"name":"wp","href":"https:\/\/api.w.org\/{rel}","templated":true}]}}