{"id":13408,"date":"2026-08-31T21:33:35","date_gmt":"2026-08-31T18:33:35","guid":{"rendered":"https:\/\/fxknews.com\/?p=13408"},"modified":"2026-08-31T21:33:40","modified_gmt":"2026-08-31T18:33:40","slug":"13408","status":"publish","type":"post","link":"https:\/\/fxknews.com\/?p=13408","title":{"rendered":""},"content":{"rendered":"\n<p class=\"wp-block-paragraph\">\u0130ran D\u0131\u015fi\u015fleri Bakan\u0131 Seyyed Abbas Araghchi, K\u0131rg\u0131zistan&#8217;daki \u015eanghay Zirvesi&#8217;nin ilk g\u00fcn\u00fcn\u00fcn ard\u0131ndan yapt\u0131\u011f\u0131 a\u00e7\u0131klamada, t\u00fcm toplant\u0131 ve g\u00f6r\u00fc\u015fmelerin &#8216;tamamen i\u015flevsel ve al\u0131\u015f\u0131lm\u0131\u015f formalitelerden uzak&#8217; ge\u00e7ti\u011fini, ekonomik ve di\u011fer alanlarda i\u015fbirli\u011fi yap\u0131labilecek konular\u0131n ve alanlar\u0131n ele al\u0131nd\u0131\u011f\u0131n\u0131 s\u00f6yledi.<\/p>\n\n\n\n<p class=\"wp-block-paragraph\">\u0130ran D\u0131\u015fi\u015fleri Bakan\u0131 Seyyed Abbas Araghchi, g\u00f6r\u00fc\u015fmelerde &#8216;ABD&#8217;nin sald\u0131rganl\u0131\u011f\u0131 ve sonu\u00e7lar\u0131&#8217; konusunun da ele al\u0131nd\u0131\u011f\u0131n\u0131 belirterek, t\u00fcm g\u00f6r\u00fc\u015fmelerde &#8216;\u0130ran milletinin haklar\u0131 i\u00e7in m\u00fccadele etmeye devam edece\u011fini&#8217; vurgulad\u0131.<\/p>\n","protected":false},"excerpt":{"rendered":"<p>\u0130ran D\u0131\u015fi\u015fleri Bakan\u0131 Seyyed Abbas Araghchi, K\u0131rg\u0131zistan&#8217;daki \u015eanghay Zirvesi&#8217;nin ilk g\u00fcn\u00fcn\u00fcn ard\u0131ndan yapt\u0131\u011f\u0131 a\u00e7\u0131klamada, t\u00fcm toplant\u0131 ve g\u00f6r\u00fc\u015fmelerin &#8216;tamamen i\u015flevsel<\/p>\n","protected":false},"author":1,"featured_media":0,"comment_status":"open","ping_status":"open","sticky":false,"template":"","format":"standard","meta":{"colormag_page_container_layout":"default_layout","colormag_page_sidebar_layout":"default_layout","footnotes":""},"categories":[8],"tags":[20,19],"class_list":["post-13408","post","type-post","status-publish","format-standard","hentry","category-son-dakikalar","tag-abd","tag-iran"],"_links":{"self":[{"href":"https:\/\/fxknews.com\/index.php?rest_route=\/wp\/v2\/posts\/13408","targetHints":{"allow":["GET"]}}],"collection":[{"href":"https:\/\/fxknews.com\/index.php?rest_route=\/wp\/v2\/posts"}],"about":[{"href":"https:\/\/fxknews.com\/index.php?rest_route=\/wp\/v2\/types\/post"}],"author":[{"embeddable":true,"href":"https:\/\/fxknews.com\/index.php?rest_route=\/wp\/v2\/users\/1"}],"replies":[{"embeddable":true,"href":"https:\/\/fxknews.com\/index.php?rest_route=%2Fwp%2Fv2%2Fcomments&post=13408"}],"version-history":[{"count":1,"href":"https:\/\/fxknews.com\/index.php?rest_route=\/wp\/v2\/posts\/13408\/revisions"}],"predecessor-version":[{"id":13409,"href":"https:\/\/fxknews.com\/index.php?rest_route=\/wp\/v2\/posts\/13408\/revisions\/13409"}],"wp:attachment":[{"href":"https:\/\/fxknews.com\/index.php?rest_route=%2Fwp%2Fv2%2Fmedia&parent=13408"}],"wp:term":[{"taxonomy":"category","embeddable":true,"href":"https:\/\/fxknews.com\/index.php?rest_route=%2Fwp%2Fv2%2Fcategories&post=13408"},{"taxonomy":"post_tag","embeddable":true,"href":"https:\/\/fxknews.com\/index.php?rest_route=%2Fwp%2Fv2%2Ftags&post=13408"}],"curies":[{"name":"wp","href":"https:\/\/api.w.org\/{rel}","templated":true}]}}