{"id":13422,"date":"2026-08-31T22:24:33","date_gmt":"2026-08-31T19:24:33","guid":{"rendered":"https:\/\/fxknews.com\/?p=13422"},"modified":"2026-08-31T22:24:38","modified_gmt":"2026-08-31T19:24:38","slug":"13422","status":"publish","type":"post","link":"https:\/\/fxknews.com\/?p=13422","title":{"rendered":""},"content":{"rendered":"\n<p class=\"wp-block-paragraph\">Reuters\/Ipsos verilerine g\u00f6re, Ba\u015fkan Trump&#8217;\u0131n onay oran\u0131 %33 ile siyasi kariyerinin en d\u00fc\u015f\u00fck seviyesinde kald\u0131. Memnuniyetsizlik, \u0130ran sava\u015f\u0131 ve ya\u015fam maliyetine odaklan\u0131yor; Trump&#8217;\u0131n ya\u015fam maliyetleri konusundaki tutumunu %71 oran\u0131nda onaylamayanlar ve sava\u015f\u0131 onaylayanlar\u0131n oran\u0131 ise sadece %36. Kas\u0131m ay\u0131ndaki ara se\u00e7imler \u00f6ncesinde, Demokratlar\u0131n %46&#8217;s\u0131 oy kullanma konusunda \u00e7ok heyecanl\u0131 olduklar\u0131n\u0131 s\u00f6ylerken, Cumhuriyet\u00e7ilerde bu oran %31. Ba\u011f\u0131ms\u0131zlar aras\u0131nda ise Kongre i\u00e7in Demokratlar\u0131 tercih edenlerin oran\u0131 %36 iken, Cumhuriyet\u00e7ilerde bu oran %22.<\/p>\n\n\n\n<figure class=\"wp-block-image size-full\"><img loading=\"lazy\" decoding=\"async\" width=\"912\" height=\"423\" src=\"https:\/\/fxknews.com\/wp-content\/uploads\/2026\/08\/HREspFVWAAAFaEP.jpg\" alt=\"\" class=\"wp-image-13423\" srcset=\"https:\/\/fxknews.com\/wp-content\/uploads\/2026\/08\/HREspFVWAAAFaEP.jpg 912w, https:\/\/fxknews.com\/wp-content\/uploads\/2026\/08\/HREspFVWAAAFaEP-800x371.jpg 800w, https:\/\/fxknews.com\/wp-content\/uploads\/2026\/08\/HREspFVWAAAFaEP-768x356.jpg 768w\" sizes=\"auto, (max-width: 912px) 100vw, 912px\" \/><\/figure>\n","protected":false},"excerpt":{"rendered":"<p>Reuters\/Ipsos verilerine g\u00f6re, Ba\u015fkan Trump&#8217;\u0131n onay oran\u0131 %33 ile siyasi kariyerinin en d\u00fc\u015f\u00fck seviyesinde kald\u0131. Memnuniyetsizlik, \u0130ran sava\u015f\u0131 ve ya\u015fam<\/p>\n","protected":false},"author":1,"featured_media":0,"comment_status":"open","ping_status":"open","sticky":false,"template":"","format":"standard","meta":{"colormag_page_container_layout":"default_layout","colormag_page_sidebar_layout":"default_layout","footnotes":""},"categories":[8],"tags":[18],"class_list":["post-13422","post","type-post","status-publish","format-standard","hentry","category-son-dakikalar","tag-trump"],"_links":{"self":[{"href":"https:\/\/fxknews.com\/index.php?rest_route=\/wp\/v2\/posts\/13422","targetHints":{"allow":["GET"]}}],"collection":[{"href":"https:\/\/fxknews.com\/index.php?rest_route=\/wp\/v2\/posts"}],"about":[{"href":"https:\/\/fxknews.com\/index.php?rest_route=\/wp\/v2\/types\/post"}],"author":[{"embeddable":true,"href":"https:\/\/fxknews.com\/index.php?rest_route=\/wp\/v2\/users\/1"}],"replies":[{"embeddable":true,"href":"https:\/\/fxknews.com\/index.php?rest_route=%2Fwp%2Fv2%2Fcomments&post=13422"}],"version-history":[{"count":1,"href":"https:\/\/fxknews.com\/index.php?rest_route=\/wp\/v2\/posts\/13422\/revisions"}],"predecessor-version":[{"id":13424,"href":"https:\/\/fxknews.com\/index.php?rest_route=\/wp\/v2\/posts\/13422\/revisions\/13424"}],"wp:attachment":[{"href":"https:\/\/fxknews.com\/index.php?rest_route=%2Fwp%2Fv2%2Fmedia&parent=13422"}],"wp:term":[{"taxonomy":"category","embeddable":true,"href":"https:\/\/fxknews.com\/index.php?rest_route=%2Fwp%2Fv2%2Fcategories&post=13422"},{"taxonomy":"post_tag","embeddable":true,"href":"https:\/\/fxknews.com\/index.php?rest_route=%2Fwp%2Fv2%2Ftags&post=13422"}],"curies":[{"name":"wp","href":"https:\/\/api.w.org\/{rel}","templated":true}]}}