{"id":13444,"date":"2026-09-01T01:31:08","date_gmt":"2026-08-31T22:31:08","guid":{"rendered":"https:\/\/fxknews.com\/?p=13444"},"modified":"2026-09-01T01:31:08","modified_gmt":"2026-08-31T22:31:08","slug":"13444","status":"publish","type":"post","link":"https:\/\/fxknews.com\/?p=13444","title":{"rendered":""},"content":{"rendered":"<p>ABD Kara Kuvvetleri Bakan\u0131 Dan Driscoll, Ba\u015fkan Donald Trump\u2019a istifas\u0131n\u0131 sundu. \u0130stifan\u0131n, Savunma Bakan\u0131 Pete Hegseth ile Kara Kuvvetleri\u2019nin y\u00f6n\u00fc ve \u00e7ok say\u0131da \u00fcst d\u00fczey subay\u0131n g\u00f6revden al\u0131nmas\u0131 konusunda aylard\u0131r s\u00fcren gerilimin ard\u0131ndan geldi\u011fi bildirildi.<\/p>\n<p>Driscoll\u2019un \u00f6n\u00fcm\u00fczdeki g\u00fcnlerde Pentagon\u2019dan ayr\u0131lmas\u0131 bekleniyor. Beyaz Saray S\u00f6zc\u00fcs\u00fc Anna Kelly, Driscoll\u2019un Kara Kuvvetleri Bakanl\u0131\u011f\u0131\u2019nda y\u00f6netim g\u00fcndemini ilerletmede etkili oldu\u011funu s\u00f6yledi.<\/p>\n<p>Driscoll\u2019un ayr\u0131lmas\u0131yla Kara Kuvvetleri\u2019nin Senato onayl\u0131 sivil ya da asker\u00ee bir lideri kalmayacak. General Christopher LaNeve, Hegseth\u2019in General Randy George\u2019u g\u00f6revden almas\u0131ndan bu yana vekil kurmay ba\u015fkan\u0131 olarak g\u00f6rev yap\u0131yor.<\/p>\n","protected":false},"excerpt":{"rendered":"<p>ABD Kara Kuvvetleri Bakan\u0131 Dan Driscoll, Ba\u015fkan Donald Trump\u2019a istifas\u0131n\u0131 sundu. \u0130stifan\u0131n, Savunma Bakan\u0131 Pete Hegseth ile Kara Kuvvetleri\u2019nin y\u00f6n\u00fc<\/p>\n","protected":false},"author":1,"featured_media":0,"comment_status":"open","ping_status":"open","sticky":false,"template":"","format":"standard","meta":{"colormag_page_container_layout":"default_layout","colormag_page_sidebar_layout":"default_layout","footnotes":""},"categories":[8],"tags":[3103,3104,2218],"class_list":["post-13444","post","type-post","status-publish","format-standard","hentry","category-son-dakikalar","tag-abd-kara-kuvvetleri","tag-dan-driscoll","tag-pete-hegseth"],"_links":{"self":[{"href":"https:\/\/fxknews.com\/index.php?rest_route=\/wp\/v2\/posts\/13444","targetHints":{"allow":["GET"]}}],"collection":[{"href":"https:\/\/fxknews.com\/index.php?rest_route=\/wp\/v2\/posts"}],"about":[{"href":"https:\/\/fxknews.com\/index.php?rest_route=\/wp\/v2\/types\/post"}],"author":[{"embeddable":true,"href":"https:\/\/fxknews.com\/index.php?rest_route=\/wp\/v2\/users\/1"}],"replies":[{"embeddable":true,"href":"https:\/\/fxknews.com\/index.php?rest_route=%2Fwp%2Fv2%2Fcomments&post=13444"}],"version-history":[{"count":0,"href":"https:\/\/fxknews.com\/index.php?rest_route=\/wp\/v2\/posts\/13444\/revisions"}],"wp:attachment":[{"href":"https:\/\/fxknews.com\/index.php?rest_route=%2Fwp%2Fv2%2Fmedia&parent=13444"}],"wp:term":[{"taxonomy":"category","embeddable":true,"href":"https:\/\/fxknews.com\/index.php?rest_route=%2Fwp%2Fv2%2Fcategories&post=13444"},{"taxonomy":"post_tag","embeddable":true,"href":"https:\/\/fxknews.com\/index.php?rest_route=%2Fwp%2Fv2%2Ftags&post=13444"}],"curies":[{"name":"wp","href":"https:\/\/api.w.org\/{rel}","templated":true}]}}