{"id":13489,"date":"2026-09-01T07:31:40","date_gmt":"2026-09-01T04:31:40","guid":{"rendered":"https:\/\/fxknews.com\/?p=13489"},"modified":"2026-09-01T07:31:40","modified_gmt":"2026-09-01T04:31:40","slug":"13489","status":"publish","type":"post","link":"https:\/\/fxknews.com\/?p=13489","title":{"rendered":""},"content":{"rendered":"<p>Apple\u2019da CEO koltu\u011funu John Ternus devrald\u0131, Phil Schiller ise g\u00f6revden geri \u00e7ekildi.<\/p>\n<p>Y\u00f6netim de\u011fi\u015fiminin ard\u0131ndan AAPL hissesi de\u011fer kaybetti.<\/p>\n","protected":false},"excerpt":{"rendered":"<p>Apple\u2019da CEO koltu\u011funu John Ternus devrald\u0131, Phil Schiller ise g\u00f6revden geri \u00e7ekildi. Y\u00f6netim de\u011fi\u015fiminin ard\u0131ndan AAPL hissesi de\u011fer kaybetti.<\/p>\n","protected":false},"author":1,"featured_media":0,"comment_status":"open","ping_status":"open","sticky":false,"template":"","format":"standard","meta":{"colormag_page_container_layout":"default_layout","colormag_page_sidebar_layout":"default_layout","footnotes":""},"categories":[8],"tags":[949,128,3127],"class_list":["post-13489","post","type-post","status-publish","format-standard","hentry","category-son-dakikalar","tag-aapl","tag-apple","tag-john-ternus"],"_links":{"self":[{"href":"https:\/\/fxknews.com\/index.php?rest_route=\/wp\/v2\/posts\/13489","targetHints":{"allow":["GET"]}}],"collection":[{"href":"https:\/\/fxknews.com\/index.php?rest_route=\/wp\/v2\/posts"}],"about":[{"href":"https:\/\/fxknews.com\/index.php?rest_route=\/wp\/v2\/types\/post"}],"author":[{"embeddable":true,"href":"https:\/\/fxknews.com\/index.php?rest_route=\/wp\/v2\/users\/1"}],"replies":[{"embeddable":true,"href":"https:\/\/fxknews.com\/index.php?rest_route=%2Fwp%2Fv2%2Fcomments&post=13489"}],"version-history":[{"count":0,"href":"https:\/\/fxknews.com\/index.php?rest_route=\/wp\/v2\/posts\/13489\/revisions"}],"wp:attachment":[{"href":"https:\/\/fxknews.com\/index.php?rest_route=%2Fwp%2Fv2%2Fmedia&parent=13489"}],"wp:term":[{"taxonomy":"category","embeddable":true,"href":"https:\/\/fxknews.com\/index.php?rest_route=%2Fwp%2Fv2%2Fcategories&post=13489"},{"taxonomy":"post_tag","embeddable":true,"href":"https:\/\/fxknews.com\/index.php?rest_route=%2Fwp%2Fv2%2Ftags&post=13489"}],"curies":[{"name":"wp","href":"https:\/\/api.w.org\/{rel}","templated":true}]}}