{"id":13573,"date":"2026-09-01T11:55:32","date_gmt":"2026-09-01T08:55:32","guid":{"rendered":"https:\/\/fxknews.com\/?p=13573"},"modified":"2026-09-01T11:59:46","modified_gmt":"2026-09-01T08:59:46","slug":"13573","status":"publish","type":"post","link":"https:\/\/fxknews.com\/?p=13573","title":{"rendered":""},"content":{"rendered":"\n<p class=\"wp-block-paragraph\">\u0130srail ordusu, Gazze&#8217;de bir\u00e7ok hedefi vurdu\u011funu a\u00e7\u0131klad\u0131.<\/p>\n\n\n\n<p class=\"wp-block-paragraph\">\u0130srail ordusu, k\u0131sa s\u00fcre \u00f6nce Gazze \u015eeridi&#8217;nde &#8220;bir dizi hedefe&#8221; y\u00f6nelik sald\u0131r\u0131lar ger\u00e7ekle\u015ftirdi\u011fini do\u011frulad\u0131 ve bunun &#8220;g\u00fcvenlik g\u00fc\u00e7lerine y\u00f6nelik tehditleri bertaraf etmek&#8221; amac\u0131yla yap\u0131ld\u0131\u011f\u0131n\u0131 belirtti.<\/p>\n\n\n\n<p class=\"wp-block-paragraph\">\u0130srail ordusu, hi\u00e7bir \u0130srail askerinin yaralanmad\u0131\u011f\u0131n\u0131 da ekledi.<\/p>\n\n\n\n<p class=\"wp-block-paragraph\">Filistin medyas\u0131, &#8220;\u00f6zel bir birlik&#8221; &#8212; g\u00f6r\u00fcn\u00fc\u015fe g\u00f6re Hamas kar\u015f\u0131t\u0131, \u0130srail destekli bir milis g\u00fcc\u00fc &#8212; Hamas taraf\u0131ndan fark edilmeden \u00f6nce Gazze \u015eehrinin bat\u0131 k\u0131sm\u0131na s\u0131zd\u0131\u011f\u0131n\u0131 iddia etti.<\/p>\n\n\n\n<p class=\"wp-block-paragraph\">&#8220;\u00d6zel kuvvetlerin&#8221; s\u00f6zde ke\u015ffedilmesinin ard\u0131ndan, IDF b\u00f6lgede sald\u0131r\u0131lar d\u00fczenledi ve bu sald\u0131r\u0131larda en az bir ki\u015finin \u00f6ld\u00fc\u011f\u00fc, di\u011ferlerinin yaraland\u0131\u011f\u0131 bildirildi.<\/p>\n","protected":false},"excerpt":{"rendered":"<p>\u0130srail ordusu, Gazze&#8217;de bir\u00e7ok hedefi vurdu\u011funu a\u00e7\u0131klad\u0131. \u0130srail ordusu, k\u0131sa s\u00fcre \u00f6nce Gazze \u015eeridi&#8217;nde &#8220;bir dizi hedefe&#8221; y\u00f6nelik sald\u0131r\u0131lar ger\u00e7ekle\u015ftirdi\u011fini<\/p>\n","protected":false},"author":1,"featured_media":0,"comment_status":"open","ping_status":"open","sticky":false,"template":"","format":"standard","meta":{"colormag_page_container_layout":"default_layout","colormag_page_sidebar_layout":"default_layout","footnotes":""},"categories":[8],"tags":[264,33],"class_list":["post-13573","post","type-post","status-publish","format-standard","hentry","category-son-dakikalar","tag-gazze","tag-israil"],"_links":{"self":[{"href":"https:\/\/fxknews.com\/index.php?rest_route=\/wp\/v2\/posts\/13573","targetHints":{"allow":["GET"]}}],"collection":[{"href":"https:\/\/fxknews.com\/index.php?rest_route=\/wp\/v2\/posts"}],"about":[{"href":"https:\/\/fxknews.com\/index.php?rest_route=\/wp\/v2\/types\/post"}],"author":[{"embeddable":true,"href":"https:\/\/fxknews.com\/index.php?rest_route=\/wp\/v2\/users\/1"}],"replies":[{"embeddable":true,"href":"https:\/\/fxknews.com\/index.php?rest_route=%2Fwp%2Fv2%2Fcomments&post=13573"}],"version-history":[{"count":2,"href":"https:\/\/fxknews.com\/index.php?rest_route=\/wp\/v2\/posts\/13573\/revisions"}],"predecessor-version":[{"id":13577,"href":"https:\/\/fxknews.com\/index.php?rest_route=\/wp\/v2\/posts\/13573\/revisions\/13577"}],"wp:attachment":[{"href":"https:\/\/fxknews.com\/index.php?rest_route=%2Fwp%2Fv2%2Fmedia&parent=13573"}],"wp:term":[{"taxonomy":"category","embeddable":true,"href":"https:\/\/fxknews.com\/index.php?rest_route=%2Fwp%2Fv2%2Fcategories&post=13573"},{"taxonomy":"post_tag","embeddable":true,"href":"https:\/\/fxknews.com\/index.php?rest_route=%2Fwp%2Fv2%2Ftags&post=13573"}],"curies":[{"name":"wp","href":"https:\/\/api.w.org\/{rel}","templated":true}]}}