{"id":13688,"date":"2026-09-01T16:35:54","date_gmt":"2026-09-01T13:35:54","guid":{"rendered":"https:\/\/fxknews.com\/?p=13688"},"modified":"2026-09-01T16:35:58","modified_gmt":"2026-09-01T13:35:58","slug":"13688","status":"publish","type":"post","link":"https:\/\/fxknews.com\/?p=13688","title":{"rendered":""},"content":{"rendered":"<p>ECB Y\u00f6netim Konseyi \u00fcyesi Joachim Nagel, Orta Do\u011fu\u2019daki gerilime ra\u011fmen k\u00fcresel ekonominin b\u00fcy\u00fcme e\u011filimini s\u00fcrd\u00fcrd\u00fc\u011f\u00fcn\u00fc s\u00f6yledi. \u00c7ekirdek enflasyon ve hizmetlerdeki gev\u015femeyi olumlu buldu\u011funu, ikinci tur etkiler g\u00f6rmedi\u011fini ifade etti.<\/p>\n<p>Nagel, yen i\u00e7in koordineli m\u00fcdahaleyi memnuniyetle kar\u015f\u0131lad\u0131\u011f\u0131n\u0131 ve gelecekteki m\u00fcdahale ad\u0131mlar\u0131na ili\u015fkin isti\u015fareler bekledi\u011fini de belirtti. ECB \u00fcyesi Boris Vuj\u010di\u0107 Simkus ise eyl\u00fcl ay\u0131nda yap\u0131lacak bir faiz art\u0131\u015f\u0131n\u0131n yeterli olmayaca\u011f\u0131n\u0131 s\u00f6yledi.<\/p>\n","protected":false},"excerpt":{"rendered":"<p>ECB Y\u00f6netim Konseyi \u00fcyesi Joachim Nagel, Orta Do\u011fu\u2019daki gerilime ra\u011fmen k\u00fcresel ekonominin b\u00fcy\u00fcme e\u011filimini s\u00fcrd\u00fcrd\u00fc\u011f\u00fcn\u00fc s\u00f6yledi. \u00c7ekirdek enflasyon ve hizmetlerdeki<\/p>\n","protected":false},"author":1,"featured_media":0,"comment_status":"open","ping_status":"open","sticky":false,"template":"","format":"standard","meta":{"colormag_page_container_layout":"default_layout","colormag_page_sidebar_layout":"default_layout","footnotes":""},"categories":[8],"tags":[69,3190,3147],"class_list":["post-13688","post","type-post","status-publish","format-standard","hentry","category-son-dakikalar","tag-ecb","tag-joachim-nagel","tag-yen-mudahalesi-2"],"_links":{"self":[{"href":"https:\/\/fxknews.com\/index.php?rest_route=\/wp\/v2\/posts\/13688","targetHints":{"allow":["GET"]}}],"collection":[{"href":"https:\/\/fxknews.com\/index.php?rest_route=\/wp\/v2\/posts"}],"about":[{"href":"https:\/\/fxknews.com\/index.php?rest_route=\/wp\/v2\/types\/post"}],"author":[{"embeddable":true,"href":"https:\/\/fxknews.com\/index.php?rest_route=\/wp\/v2\/users\/1"}],"replies":[{"embeddable":true,"href":"https:\/\/fxknews.com\/index.php?rest_route=%2Fwp%2Fv2%2Fcomments&post=13688"}],"version-history":[{"count":1,"href":"https:\/\/fxknews.com\/index.php?rest_route=\/wp\/v2\/posts\/13688\/revisions"}],"predecessor-version":[{"id":13691,"href":"https:\/\/fxknews.com\/index.php?rest_route=\/wp\/v2\/posts\/13688\/revisions\/13691"}],"wp:attachment":[{"href":"https:\/\/fxknews.com\/index.php?rest_route=%2Fwp%2Fv2%2Fmedia&parent=13688"}],"wp:term":[{"taxonomy":"category","embeddable":true,"href":"https:\/\/fxknews.com\/index.php?rest_route=%2Fwp%2Fv2%2Fcategories&post=13688"},{"taxonomy":"post_tag","embeddable":true,"href":"https:\/\/fxknews.com\/index.php?rest_route=%2Fwp%2Fv2%2Ftags&post=13688"}],"curies":[{"name":"wp","href":"https:\/\/api.w.org\/{rel}","templated":true}]}}