{"id":13863,"date":"2026-09-01T21:09:16","date_gmt":"2026-09-01T18:09:16","guid":{"rendered":"https:\/\/fxknews.com\/?p=13863"},"modified":"2026-09-01T21:09:21","modified_gmt":"2026-09-01T18:09:21","slug":"13863","status":"publish","type":"post","link":"https:\/\/fxknews.com\/?p=13863","title":{"rendered":""},"content":{"rendered":"<p>Apple CEO\u2019su, \u00e7al\u0131\u015fanlara g\u00f6nderdi\u011fi ilk notta \u015firketin gelecekteki \u00fcr\u00fcnlerine ve yak\u0131nda yap\u0131lacak iPhone lansman\u0131na de\u011findi.<\/p>\n<p>Notta, s\u00f6z konusu iPhone tan\u0131t\u0131m\u0131 i\u00e7in \u201cola\u011fan\u00fcst\u00fc\u201d ifadesi kullan\u0131ld\u0131.<\/p>\n<p>CEO ayr\u0131ca Apple\u2019\u0131n ilerleyen d\u00f6nemde yeni \u00fcr\u00fcnler \u00fczerinde \u00e7al\u0131\u015ft\u0131\u011f\u0131n\u0131 da \u00e7al\u0131\u015fanlara aktard\u0131.<\/p>\n","protected":false},"excerpt":{"rendered":"<p>Apple CEO\u2019su, \u00e7al\u0131\u015fanlara g\u00f6nderdi\u011fi ilk notta \u015firketin gelecekteki \u00fcr\u00fcnlerine ve yak\u0131nda yap\u0131lacak iPhone lansman\u0131na de\u011findi. Notta, s\u00f6z konusu iPhone tan\u0131t\u0131m\u0131<\/p>\n","protected":false},"author":1,"featured_media":0,"comment_status":"open","ping_status":"open","sticky":false,"template":"","format":"standard","meta":{"colormag_page_container_layout":"default_layout","colormag_page_sidebar_layout":"default_layout","footnotes":""},"categories":[8],"tags":[128,3234,3233],"class_list":["post-13863","post","type-post","status-publish","format-standard","hentry","category-son-dakikalar","tag-apple","tag-ceo-notu","tag-iphone-lansmani"],"_links":{"self":[{"href":"https:\/\/fxknews.com\/index.php?rest_route=\/wp\/v2\/posts\/13863","targetHints":{"allow":["GET"]}}],"collection":[{"href":"https:\/\/fxknews.com\/index.php?rest_route=\/wp\/v2\/posts"}],"about":[{"href":"https:\/\/fxknews.com\/index.php?rest_route=\/wp\/v2\/types\/post"}],"author":[{"embeddable":true,"href":"https:\/\/fxknews.com\/index.php?rest_route=\/wp\/v2\/users\/1"}],"replies":[{"embeddable":true,"href":"https:\/\/fxknews.com\/index.php?rest_route=%2Fwp%2Fv2%2Fcomments&post=13863"}],"version-history":[{"count":1,"href":"https:\/\/fxknews.com\/index.php?rest_route=\/wp\/v2\/posts\/13863\/revisions"}],"predecessor-version":[{"id":13895,"href":"https:\/\/fxknews.com\/index.php?rest_route=\/wp\/v2\/posts\/13863\/revisions\/13895"}],"wp:attachment":[{"href":"https:\/\/fxknews.com\/index.php?rest_route=%2Fwp%2Fv2%2Fmedia&parent=13863"}],"wp:term":[{"taxonomy":"category","embeddable":true,"href":"https:\/\/fxknews.com\/index.php?rest_route=%2Fwp%2Fv2%2Fcategories&post=13863"},{"taxonomy":"post_tag","embeddable":true,"href":"https:\/\/fxknews.com\/index.php?rest_route=%2Fwp%2Fv2%2Ftags&post=13863"}],"curies":[{"name":"wp","href":"https:\/\/api.w.org\/{rel}","templated":true}]}}