{"id":13992,"date":"2026-09-02T00:30:00","date_gmt":"2026-09-01T21:30:00","guid":{"rendered":"https:\/\/fxknews.com\/?p=13992"},"modified":"2026-09-01T23:50:06","modified_gmt":"2026-09-01T20:50:06","slug":"13992","status":"publish","type":"post","link":"https:\/\/fxknews.com\/?p=13992","title":{"rendered":""},"content":{"rendered":"\n<p class=\"wp-block-paragraph\">ABD Menkul K\u0131ymetler ve Borsa Komisyonu&#8217;nun (SEC) &#8216;yeni nesil ETF&#8217;ler&#8217; olarak s\u0131n\u0131fland\u0131rmas\u0131, yeni yat\u0131r\u0131m \u00fcr\u00fcnlerinin geli\u015ftirilmesini ve eri\u015filebilirli\u011fini \u00f6nemli \u00f6l\u00e7\u00fcde etkileyebilir ve bu durum, geni\u015f ABD ETF piyasas\u0131 i\u00e7indeki piyasa inovasyonunu ve yat\u0131r\u0131mc\u0131 se\u00e7imini potansiyel olarak etkileyebilir.<\/p>\n\n\n\n<p class=\"wp-block-paragraph\">Piyasa kat\u0131l\u0131mc\u0131lar\u0131, ABD Menkul K\u0131ymetler ve Borsa Komisyonu&#8217;nun (SEC) \u00e7ok \u00e7e\u015fitli borsa yat\u0131r\u0131m fonlar\u0131n\u0131 (ETF&#8217;ler) &#8216;yeni nesil ETF&#8217;ler&#8217; olarak s\u0131n\u0131fland\u0131rma \u00f6nerisiyle ilgili \u00f6nemli endi\u015felerini dile getirdiler. Reuters&#8217;\u0131n d\u00fczenleyici kuruma sunulan mektuplar\u0131 incelemesine g\u00f6re, varl\u0131k y\u00f6neticileri, borsalar ve arac\u0131 kurumlar, bu kadar geni\u015f bir s\u0131n\u0131fland\u0131rman\u0131n yenili\u011fi engelleyebilece\u011fini ve d\u00fczenleyici engeller yaratabilece\u011fini savunuyor.<\/p>\n\n\n\n<p class=\"wp-block-paragraph\">Rafferty Asset Management, Direxion i\u015fletmesi arac\u0131l\u0131\u011f\u0131yla yapt\u0131\u011f\u0131 ba\u015fvuruda, mevcut yeni varl\u0131k s\u0131n\u0131flar\u0131na odaklanan bir tan\u0131m\u0131n h\u0131zla ge\u00e7erlili\u011fini yitirece\u011fini ve gelecekteki yenilikleri cezaland\u0131raca\u011f\u0131n\u0131 belirtti. Benzer \u015fekilde, ihra\u00e7\u00e7\u0131 \u015firketler ve borsalar, &#8216;yeni nesil ETF&#8217;ler&#8217; i\u00e7in ayr\u0131 bir d\u00fczenleyici s\u00fcrecin getirilmesinin, 12 trilyon dolarl\u0131k \u00f6nemli ABD ETF piyasas\u0131n\u0131n b\u00fcy\u00fcmesini tehlikeye atabilece\u011fi endi\u015fesini dile getirdi.<\/p>\n\n\n\n<p class=\"wp-block-paragraph\">YieldMax&#8217;te stratejist olan Mike Khouw, \u00e7e\u015fitli \u00fcr\u00fcnleri bir araya toplaman\u0131n &#8220;\u00e7ok genel bir yakla\u015f\u0131m&#8221; oldu\u011funu belirtti. K\u0131demli Ba\u015fkan Yard\u0131mc\u0131s\u0131 Jeffrey Davis taraf\u0131ndan temsil edilen Nasdaq, son d\u00f6nemdeki baz\u0131 ETF ba\u015fvurular\u0131n\u0131n s\u0131n\u0131rlar\u0131 zorlad\u0131\u011f\u0131n\u0131 kabul etti ancak SEC&#8217;i varl\u0131k s\u0131n\u0131f\u0131 etiketlerinden ziyade &#8220;yat\u0131r\u0131mc\u0131 korumas\u0131n\u0131 ve piyasa b\u00fct\u00fcnl\u00fc\u011f\u00fcn\u00fc anlaml\u0131 \u015fekilde etkileyen yap\u0131sal \u00f6zelliklere&#8221; odaklanmaya \u00e7a\u011f\u0131rd\u0131.<\/p>\n\n\n\n<p class=\"wp-block-paragraph\">Yorum mektuplar\u0131n\u0131n yaln\u0131zca birka\u00e7\u0131nda \u00f6zellikle tahmin piyasalar\u0131na ba\u011fl\u0131 ETF&#8217;lere de\u011finilmi\u015fti. Adjacent Markets&#8217;\u0131n COO&#8217;su Douglas Crescenzi, bunlar\u0131n di\u011fer ETF&#8217;ler gibi de\u011ferlendirilmesi gerekti\u011fini savundu. Bununla birlikte, Better Markets adl\u0131 savunuculuk grubundan Ben Schiffrin, bu fonlar\u0131n menkul k\u0131ymetlere yat\u0131r\u0131m yapan geleneksel ETF&#8217;lerle e\u015fde\u011fer olarak kabul edilmemesi gerekti\u011fini savundu.<\/p>\n","protected":false},"excerpt":{"rendered":"<p>ABD Menkul K\u0131ymetler ve Borsa Komisyonu&#8217;nun (SEC) &#8216;yeni nesil ETF&#8217;ler&#8217; olarak s\u0131n\u0131fland\u0131rmas\u0131, yeni yat\u0131r\u0131m \u00fcr\u00fcnlerinin geli\u015ftirilmesini ve eri\u015filebilirli\u011fini \u00f6nemli \u00f6l\u00e7\u00fcde<\/p>\n","protected":false},"author":1,"featured_media":0,"comment_status":"open","ping_status":"open","sticky":false,"template":"","format":"standard","meta":{"colormag_page_container_layout":"default_layout","colormag_page_sidebar_layout":"default_layout","footnotes":""},"categories":[8],"tags":[170],"class_list":["post-13992","post","type-post","status-publish","format-standard","hentry","category-son-dakikalar","tag-etf"],"_links":{"self":[{"href":"https:\/\/fxknews.com\/index.php?rest_route=\/wp\/v2\/posts\/13992","targetHints":{"allow":["GET"]}}],"collection":[{"href":"https:\/\/fxknews.com\/index.php?rest_route=\/wp\/v2\/posts"}],"about":[{"href":"https:\/\/fxknews.com\/index.php?rest_route=\/wp\/v2\/types\/post"}],"author":[{"embeddable":true,"href":"https:\/\/fxknews.com\/index.php?rest_route=\/wp\/v2\/users\/1"}],"replies":[{"embeddable":true,"href":"https:\/\/fxknews.com\/index.php?rest_route=%2Fwp%2Fv2%2Fcomments&post=13992"}],"version-history":[{"count":1,"href":"https:\/\/fxknews.com\/index.php?rest_route=\/wp\/v2\/posts\/13992\/revisions"}],"predecessor-version":[{"id":13993,"href":"https:\/\/fxknews.com\/index.php?rest_route=\/wp\/v2\/posts\/13992\/revisions\/13993"}],"wp:attachment":[{"href":"https:\/\/fxknews.com\/index.php?rest_route=%2Fwp%2Fv2%2Fmedia&parent=13992"}],"wp:term":[{"taxonomy":"category","embeddable":true,"href":"https:\/\/fxknews.com\/index.php?rest_route=%2Fwp%2Fv2%2Fcategories&post=13992"},{"taxonomy":"post_tag","embeddable":true,"href":"https:\/\/fxknews.com\/index.php?rest_route=%2Fwp%2Fv2%2Ftags&post=13992"}],"curies":[{"name":"wp","href":"https:\/\/api.w.org\/{rel}","templated":true}]}}