{"id":14024,"date":"2026-09-02T05:11:53","date_gmt":"2026-09-02T02:11:53","guid":{"rendered":"https:\/\/fxknews.com\/?p=14024"},"modified":"2026-09-02T05:11:57","modified_gmt":"2026-09-02T02:11:57","slug":"14024","status":"publish","type":"post","link":"https:\/\/fxknews.com\/?p=14024","title":{"rendered":""},"content":{"rendered":"<p>Japonya Merkez Bankas\u0131 Ba\u015fkan\u0131 Kazuo Ueda, G20 kapsam\u0131nda ABD Hazine Bakan\u0131 Scott Bessent ile g\u00f6r\u00fc\u015ft\u00fc ancak g\u00f6r\u00fc\u015fmenin i\u00e7eri\u011fine dair ayr\u0131nt\u0131 vermedi. Ueda, merkez bankalar\u0131 aras\u0131nda k\u00fcresel ko\u015fullar de\u011fi\u015firken daha iyi ileti\u015fim kurulmas\u0131 gerekti\u011fini s\u00f6yledi.<\/p>\n<p>Ueda ayr\u0131ca, piyasan\u0131n eyl\u00fcl toplant\u0131s\u0131nda faiz art\u0131\u015f\u0131 olas\u0131l\u0131\u011f\u0131n\u0131 y\u00fcksek fiyatlamas\u0131na ve g\u00fcn i\u00e7i piyasa hareketlerine ili\u015fkin yorum yapmaktan ka\u00e7\u0131nd\u0131. Japonya Maliye Bakan\u0131 Shunichi Katayama da G20\u2019de Fed Ba\u015fkan\u0131 ile ayr\u0131 g\u00f6r\u00fc\u015fmeler yapt\u0131\u011f\u0131n\u0131, k\u00fcresel dengesizlikler ve geli\u015fen \u00fclke borcu gibi konular\u0131n ele al\u0131nd\u0131\u011f\u0131n\u0131 s\u00f6yledi.<\/p>\n<p>Katayama, Japonya\u2019n\u0131n ABD ile birlikte y\u00fcr\u00fctt\u00fc\u011f\u00fc d\u00f6viz m\u00fcdahalesinin G7 taahh\u00fctleriyle uyumlu oldu\u011funu belirtti ve belirli kur seviyeleri hakk\u0131nda konu\u015fmad\u0131.<\/p>\n","protected":false},"excerpt":{"rendered":"<p>Japonya Merkez Bankas\u0131 Ba\u015fkan\u0131 Kazuo Ueda, G20 kapsam\u0131nda ABD Hazine Bakan\u0131 Scott Bessent ile g\u00f6r\u00fc\u015ft\u00fc ancak g\u00f6r\u00fc\u015fmenin i\u00e7eri\u011fine dair ayr\u0131nt\u0131<\/p>\n","protected":false},"author":1,"featured_media":0,"comment_status":"open","ping_status":"open","sticky":false,"template":"","format":"standard","meta":{"colormag_page_container_layout":"default_layout","colormag_page_sidebar_layout":"default_layout","footnotes":""},"categories":[8],"tags":[1427,2207,157],"class_list":["post-14024","post","type-post","status-publish","format-standard","hentry","category-son-dakikalar","tag-faiz-artisi-2","tag-japonya-merkez-bankasi","tag-yen"],"_links":{"self":[{"href":"https:\/\/fxknews.com\/index.php?rest_route=\/wp\/v2\/posts\/14024","targetHints":{"allow":["GET"]}}],"collection":[{"href":"https:\/\/fxknews.com\/index.php?rest_route=\/wp\/v2\/posts"}],"about":[{"href":"https:\/\/fxknews.com\/index.php?rest_route=\/wp\/v2\/types\/post"}],"author":[{"embeddable":true,"href":"https:\/\/fxknews.com\/index.php?rest_route=\/wp\/v2\/users\/1"}],"replies":[{"embeddable":true,"href":"https:\/\/fxknews.com\/index.php?rest_route=%2Fwp%2Fv2%2Fcomments&post=14024"}],"version-history":[{"count":1,"href":"https:\/\/fxknews.com\/index.php?rest_route=\/wp\/v2\/posts\/14024\/revisions"}],"predecessor-version":[{"id":14032,"href":"https:\/\/fxknews.com\/index.php?rest_route=\/wp\/v2\/posts\/14024\/revisions\/14032"}],"wp:attachment":[{"href":"https:\/\/fxknews.com\/index.php?rest_route=%2Fwp%2Fv2%2Fmedia&parent=14024"}],"wp:term":[{"taxonomy":"category","embeddable":true,"href":"https:\/\/fxknews.com\/index.php?rest_route=%2Fwp%2Fv2%2Fcategories&post=14024"},{"taxonomy":"post_tag","embeddable":true,"href":"https:\/\/fxknews.com\/index.php?rest_route=%2Fwp%2Fv2%2Ftags&post=14024"}],"curies":[{"name":"wp","href":"https:\/\/api.w.org\/{rel}","templated":true}]}}