{"id":14072,"date":"2026-09-02T07:31:07","date_gmt":"2026-09-02T04:31:07","guid":{"rendered":"https:\/\/fxknews.com\/?p=14072"},"modified":"2026-09-02T07:31:07","modified_gmt":"2026-09-02T04:31:07","slug":"14072","status":"publish","type":"post","link":"https:\/\/fxknews.com\/?p=14072","title":{"rendered":""},"content":{"rendered":"<p>Avrupa Merkez Bankas\u0131 Y\u00f6netim Konseyi \u00fcyesi Gabriel Makhlouf, gelecek hafta al\u0131nacak faiz karar\u0131n\u0131n piyasalar i\u00e7in s\u00fcrpriz olmayaca\u011f\u0131n\u0131 s\u00f6yledi. Makhlouf, para politikas\u0131n\u0131 h\u00e2l\u00e2 k\u0131s\u0131tlay\u0131c\u0131 g\u00f6rmedi\u011fini ve enflasyon riskleri yukar\u0131 y\u00f6nl\u00fc belirgin bi\u00e7imde de\u011fi\u015firse ECB\u2019nin buna kar\u015f\u0131l\u0131k vermeye haz\u0131r olmas\u0131 gerekti\u011fini ifade etti.<\/p>\n<p>Faizlerin y\u00fczde 2,75\u2019in \u00fczerine \u00e7\u0131kmas\u0131 halinde politikan\u0131n ancak o noktada kabaca k\u0131s\u0131tlay\u0131c\u0131 say\u0131labilece\u011fini belirten Makhlouf, enflasyonun yanl\u0131\u015f y\u00f6nde ilerlemesi durumunda ad\u0131m at\u0131lmas\u0131 gerekece\u011fini s\u00f6yledi. Ayr\u0131ca enflasyon beklentilerinin uygun seviyede oldu\u011funu ve \u00fccretler taraf\u0131nda ikinci tur etkilere dair bir i\u015faret g\u00f6rmedi\u011fini dile getirdi.<\/p>\n","protected":false},"excerpt":{"rendered":"<p>Avrupa Merkez Bankas\u0131 Y\u00f6netim Konseyi \u00fcyesi Gabriel Makhlouf, gelecek hafta al\u0131nacak faiz karar\u0131n\u0131n piyasalar i\u00e7in s\u00fcrpriz olmayaca\u011f\u0131n\u0131 s\u00f6yledi. Makhlouf, para<\/p>\n","protected":false},"author":1,"featured_media":0,"comment_status":"open","ping_status":"open","sticky":false,"template":"","format":"standard","meta":{"colormag_page_container_layout":"default_layout","colormag_page_sidebar_layout":"default_layout","footnotes":""},"categories":[8],"tags":[69,1407,3310],"class_list":["post-14072","post","type-post","status-publish","format-standard","hentry","category-son-dakikalar","tag-ecb","tag-faiz-karari","tag-gabriel-makhlouf"],"_links":{"self":[{"href":"https:\/\/fxknews.com\/index.php?rest_route=\/wp\/v2\/posts\/14072","targetHints":{"allow":["GET"]}}],"collection":[{"href":"https:\/\/fxknews.com\/index.php?rest_route=\/wp\/v2\/posts"}],"about":[{"href":"https:\/\/fxknews.com\/index.php?rest_route=\/wp\/v2\/types\/post"}],"author":[{"embeddable":true,"href":"https:\/\/fxknews.com\/index.php?rest_route=\/wp\/v2\/users\/1"}],"replies":[{"embeddable":true,"href":"https:\/\/fxknews.com\/index.php?rest_route=%2Fwp%2Fv2%2Fcomments&post=14072"}],"version-history":[{"count":0,"href":"https:\/\/fxknews.com\/index.php?rest_route=\/wp\/v2\/posts\/14072\/revisions"}],"wp:attachment":[{"href":"https:\/\/fxknews.com\/index.php?rest_route=%2Fwp%2Fv2%2Fmedia&parent=14072"}],"wp:term":[{"taxonomy":"category","embeddable":true,"href":"https:\/\/fxknews.com\/index.php?rest_route=%2Fwp%2Fv2%2Fcategories&post=14072"},{"taxonomy":"post_tag","embeddable":true,"href":"https:\/\/fxknews.com\/index.php?rest_route=%2Fwp%2Fv2%2Ftags&post=14072"}],"curies":[{"name":"wp","href":"https:\/\/api.w.org\/{rel}","templated":true}]}}