{"id":14088,"date":"2026-09-02T10:02:26","date_gmt":"2026-09-02T07:02:26","guid":{"rendered":"https:\/\/fxknews.com\/?p=14088"},"modified":"2026-09-02T10:02:55","modified_gmt":"2026-09-02T07:02:55","slug":"__trashed-3","status":"publish","type":"post","link":"https:\/\/fxknews.com\/?p=14088","title":{"rendered":""},"content":{"rendered":"<p>Avrupa oturumunda \u0130spanya&#8217;n\u0131n i\u015fsizlik de\u011fi\u015fimi ile \u0130talya&#8217;n\u0131n \u00fcretici fiyat endeksi d\u0131\u015f\u0131nda piyasay\u0131 sarsacak g\u00fc\u00e7l\u00fc bir veri beklenmiyor. Euro B\u00f6lgesi \u00e7ekirdek enflasyonunun mevcut g\u00f6r\u00fcn\u00fcm\u00fc, ECB&#8217;nin yak\u0131n vadede s\u0131k\u0131la\u015ft\u0131rma konusunda isteksiz kalabilece\u011fi beklentisini destekliyor.<\/p>\n<p>ABD seans\u0131nda ADP \u00f6zel sekt\u00f6r istihdam verisi a\u00e7\u0131klanacak; piyasa beklentisi 47 bin, \u00f6nceki veri 44 bin seviyesindeydi. Kanada Merkez Bankas\u0131&#8217;n\u0131n faizleri y\u00fczde 2,25&#8217;te sabit tutmas\u0131 ve n\u00f6tr duru\u015funu korumas\u0131 beklenirken, t\u00fcccarlar karar metnindeki ifadeleri izleyecek.<\/p>\n<p>BoC&#8217;nin b\u00fcy\u00fcme risklerine daha fazla vurgu yapmas\u0131 halinde Kanada dolar\u0131nda zay\u0131flama g\u00f6r\u00fclebilir; metnin b\u00fcy\u00fck \u00f6l\u00e7\u00fcde de\u011fi\u015fmemesi durumunda ise karar sonras\u0131 fiyatlaman\u0131n s\u0131n\u0131rl\u0131 kalmas\u0131 bekleniyor.<\/p>\n","protected":false},"excerpt":{"rendered":"<p>Avrupa oturumunda \u0130spanya&#8217;n\u0131n i\u015fsizlik de\u011fi\u015fimi ile \u0130talya&#8217;n\u0131n \u00fcretici fiyat endeksi d\u0131\u015f\u0131nda piyasay\u0131 sarsacak g\u00fc\u00e7l\u00fc bir veri beklenmiyor. Euro B\u00f6lgesi \u00e7ekirdek<\/p>\n","protected":false},"author":1,"featured_media":0,"comment_status":"open","ping_status":"open","sticky":false,"template":"","format":"standard","meta":{"colormag_page_container_layout":"default_layout","colormag_page_sidebar_layout":"default_layout","footnotes":""},"categories":[8],"tags":[3321,69,1070],"class_list":["post-14088","post","type-post","status-publish","format-standard","hentry","category-son-dakikalar","tag-adp-istihdam","tag-ecb","tag-kanada-merkez-bankasi"],"_links":{"self":[{"href":"https:\/\/fxknews.com\/index.php?rest_route=\/wp\/v2\/posts\/14088","targetHints":{"allow":["GET"]}}],"collection":[{"href":"https:\/\/fxknews.com\/index.php?rest_route=\/wp\/v2\/posts"}],"about":[{"href":"https:\/\/fxknews.com\/index.php?rest_route=\/wp\/v2\/types\/post"}],"author":[{"embeddable":true,"href":"https:\/\/fxknews.com\/index.php?rest_route=\/wp\/v2\/users\/1"}],"replies":[{"embeddable":true,"href":"https:\/\/fxknews.com\/index.php?rest_route=%2Fwp%2Fv2%2Fcomments&post=14088"}],"version-history":[{"count":1,"href":"https:\/\/fxknews.com\/index.php?rest_route=\/wp\/v2\/posts\/14088\/revisions"}],"predecessor-version":[{"id":14092,"href":"https:\/\/fxknews.com\/index.php?rest_route=\/wp\/v2\/posts\/14088\/revisions\/14092"}],"wp:attachment":[{"href":"https:\/\/fxknews.com\/index.php?rest_route=%2Fwp%2Fv2%2Fmedia&parent=14088"}],"wp:term":[{"taxonomy":"category","embeddable":true,"href":"https:\/\/fxknews.com\/index.php?rest_route=%2Fwp%2Fv2%2Fcategories&post=14088"},{"taxonomy":"post_tag","embeddable":true,"href":"https:\/\/fxknews.com\/index.php?rest_route=%2Fwp%2Fv2%2Ftags&post=14088"}],"curies":[{"name":"wp","href":"https:\/\/api.w.org\/{rel}","templated":true}]}}