{"id":14104,"date":"2026-09-02T11:01:43","date_gmt":"2026-09-02T08:01:43","guid":{"rendered":"https:\/\/fxknews.com\/?p=14104"},"modified":"2026-09-02T11:01:48","modified_gmt":"2026-09-02T08:01:48","slug":"14104","status":"publish","type":"post","link":"https:\/\/fxknews.com\/?p=14104","title":{"rendered":""},"content":{"rendered":"\n<p class=\"wp-block-paragraph\">Volkswagen&#8217;de b\u00fcy\u00fck bir anla\u015fmazl\u0131k ba\u015f g\u00f6steriyor. Handelsblatt&#8217;\u0131n elde etti\u011fi bilgilere g\u00f6re, CEO Oliver Blume&#8217;un radikal maliyet d\u00fc\u015f\u00fcrme plan\u0131 konusundaki anla\u015fmazl\u0131kta uzla\u015fma giri\u015fimi ba\u015far\u0131s\u0131z oldu. Bu bilgi, konuyla ilgili bilgi sahibi birka\u00e7 ki\u015fiden geliyor.<\/p>\n\n\n\n<p class=\"wp-block-paragraph\">\u0130lgili taraflar, denetleme kurulu toplant\u0131s\u0131ndan \u00f6nce bir uzla\u015fmaya varmak istiyordu. \u015eimdi ise kurulun, Cuma g\u00fcnk\u00fc toplant\u0131da planlanan maliyet d\u00fc\u015f\u00fcrme paketi konusunda bir anla\u015fmaya var\u0131lamamas\u0131 ve y\u00f6netimin daha fazla \u00f6nlem almak zorunda kalmas\u0131 olas\u0131l\u0131\u011f\u0131na haz\u0131rland\u0131\u011f\u0131 bildiriliyor. Volkswagen, konuyla ilgili sorulan sorulara yorum yapmaktan ka\u00e7\u0131nd\u0131.<\/p>\n\n\n\n<p class=\"wp-block-paragraph\">Blume&#8217;un ekibi, hissedarlar\u0131n ola\u011fan\u00fcst\u00fc genel kurul toplant\u0131s\u0131nda maliyet d\u00fc\u015f\u00fcrme paketini oylamas\u0131 i\u00e7in haz\u0131rl\u0131k yap\u0131yor. B\u00f6yle bir toplant\u0131da yeniden yap\u0131lanma paketine karar verilmesi, Alman i\u015f d\u00fcnyas\u0131 tarihinde emsalsiz bir durum. \u015eirkete yak\u0131n bir kaynak, &#8220;\u0130\u015fler art\u0131k do\u011fru y\u00f6nde ilerliyor&#8221; diyor.<\/p>\n\n\n\n<p class=\"wp-block-paragraph\">Pazartesi ve Sal\u0131 g\u00fcnleri, A\u015fa\u011f\u0131 Saksonya eyaleti ve Volkswagen Grubu temsilcileri, asgari bir uzla\u015fmaya varmak i\u00e7in ge\u00e7 saatlere kadar \u00f6n g\u00f6r\u00fc\u015fmelerde bulundular. Ancak, pozisyonlar h\u00e2l\u00e2 de\u011fi\u015fmedi.<\/p>\n\n\n\n<p class=\"wp-block-paragraph\">Audi&#8217;nin denetleme kurulu, VW i\u015ftiraki i\u00e7in olas\u0131 maliyet d\u00fc\u015f\u00fcrme \u00f6nlemlerinin kapsam\u0131n\u0131 sunmak \u00fczere \u00c7ar\u015famba g\u00fcn\u00fc toplanaca\u011f\u0131 i\u00e7in , denetleme kurulu toplant\u0131s\u0131ndan \u00f6nce ba\u015fka g\u00f6r\u00fc\u015fme planlanmam\u0131\u015ft\u0131r . Per\u015fembe g\u00fcn\u00fc, VW denetleme kurulunun y\u00fcr\u00fctme komitesi, \u00f6nemli \u00e7al\u0131\u015fan ve i\u015fveren temsilcileriyle bir araya gelecek, ard\u0131ndan Cuma g\u00fcn\u00fc VW denetleme kurulunun tamam\u0131 toplanacakt\u0131r.<\/p>\n\n\n\n<p class=\"wp-block-paragraph\">Toplant\u0131da bir anla\u015fmaya var\u0131lmamas\u0131 durumunda, bir gerilim sarmal\u0131 ba\u015flayabilir. Ola\u011fan\u00fcst\u00fc hissedarlar toplant\u0131s\u0131 bu sonbaharda bile ger\u00e7ekle\u015febilir. S\u0131k\u0131 bir tasarruf program\u0131 talep edenlerin kamp\u0131, &#8220;Bu eylem bi\u00e7imi hukuken ge\u00e7erlidir&#8221; iddias\u0131nda bulunuyor. Nitekim, Alman Anonim \u015eirketler Yasas\u0131&#8217;n\u0131n 111. maddesi, denetleme kurulunun y\u00f6netim kurulunun planlar\u0131n\u0131 onaylamay\u0131 reddetmesi durumunda, y\u00f6netim kuruluna ola\u011fan\u00fcst\u00fc genel kurul toplant\u0131s\u0131 d\u00fczenleme hakk\u0131 tan\u0131maktad\u0131r.<\/p>\n\n\n\n<p class=\"wp-block-paragraph\"><\/p>\n","protected":false},"excerpt":{"rendered":"<p>Volkswagen&#8217;de b\u00fcy\u00fck bir anla\u015fmazl\u0131k ba\u015f g\u00f6steriyor. Handelsblatt&#8217;\u0131n elde etti\u011fi bilgilere g\u00f6re, CEO Oliver Blume&#8217;un radikal maliyet d\u00fc\u015f\u00fcrme plan\u0131 konusundaki anla\u015fmazl\u0131kta<\/p>\n","protected":false},"author":1,"featured_media":0,"comment_status":"open","ping_status":"open","sticky":false,"template":"","format":"standard","meta":{"colormag_page_container_layout":"default_layout","colormag_page_sidebar_layout":"default_layout","footnotes":""},"categories":[8],"tags":[216],"class_list":["post-14104","post","type-post","status-publish","format-standard","hentry","category-son-dakikalar","tag-otomotiv"],"_links":{"self":[{"href":"https:\/\/fxknews.com\/index.php?rest_route=\/wp\/v2\/posts\/14104","targetHints":{"allow":["GET"]}}],"collection":[{"href":"https:\/\/fxknews.com\/index.php?rest_route=\/wp\/v2\/posts"}],"about":[{"href":"https:\/\/fxknews.com\/index.php?rest_route=\/wp\/v2\/types\/post"}],"author":[{"embeddable":true,"href":"https:\/\/fxknews.com\/index.php?rest_route=\/wp\/v2\/users\/1"}],"replies":[{"embeddable":true,"href":"https:\/\/fxknews.com\/index.php?rest_route=%2Fwp%2Fv2%2Fcomments&post=14104"}],"version-history":[{"count":1,"href":"https:\/\/fxknews.com\/index.php?rest_route=\/wp\/v2\/posts\/14104\/revisions"}],"predecessor-version":[{"id":14107,"href":"https:\/\/fxknews.com\/index.php?rest_route=\/wp\/v2\/posts\/14104\/revisions\/14107"}],"wp:attachment":[{"href":"https:\/\/fxknews.com\/index.php?rest_route=%2Fwp%2Fv2%2Fmedia&parent=14104"}],"wp:term":[{"taxonomy":"category","embeddable":true,"href":"https:\/\/fxknews.com\/index.php?rest_route=%2Fwp%2Fv2%2Fcategories&post=14104"},{"taxonomy":"post_tag","embeddable":true,"href":"https:\/\/fxknews.com\/index.php?rest_route=%2Fwp%2Fv2%2Ftags&post=14104"}],"curies":[{"name":"wp","href":"https:\/\/api.w.org\/{rel}","templated":true}]}}