{"id":14112,"date":"2026-09-02T11:31:48","date_gmt":"2026-09-02T08:31:48","guid":{"rendered":"https:\/\/fxknews.com\/?p=14112"},"modified":"2026-09-02T11:31:53","modified_gmt":"2026-09-02T08:31:53","slug":"14112","status":"publish","type":"post","link":"https:\/\/fxknews.com\/?p=14112","title":{"rendered":""},"content":{"rendered":"<p>Avrupa piyasalar\u0131nda faiz art\u0131r\u0131m\u0131 beklentileri d\u00fcnya genelinde belirgin bi\u00e7imde g\u00fc\u00e7lendi. Fransa, Almanya, \u0130talya, Avro B\u00f6lgesi ve \u0130ngiltere\u2019den gelen son PMI, enflasyon ve mortgage verileri de b\u00f6lge ekonomisine ili\u015fkin beklentileri yeniden \u015fekillendirdi.<\/p>\n<p>\u0130talya\u2019da imalat sekt\u00f6r\u00fc a\u011fustosta yeniden daralma b\u00f6lgesine inerken, \u00fclkenin \u00f6nc\u00fc uyumla\u015ft\u0131r\u0131lm\u0131\u015f T\u00dcFE verisi y\u0131ll\u0131k bazda y\u00fczde 3,2 artt\u0131. Avro B\u00f6lgesi\u2019nde nihai imalat PMI 52,7, \u00f6nc\u00fc \u00e7ekirdek enflasyon ise y\u00fczde 2,4 geldi; i\u015fsizlik oran\u0131 da y\u00fczde 6,4 olarak a\u00e7\u0131kland\u0131.<\/p>\n<p>\u0130ngiltere\u2019de temmuz ay\u0131 ipotek onaylar\u0131 56.050 ile beklentilerin alt\u0131nda kald\u0131, mortgage kredisi hacmi ise 4,292 milyar sterline geriledi. Almanya\u2019n\u0131n nihai imalat PMI\u2019\u0131 54,3, Fransa\u2019n\u0131n imalat PMI\u2019\u0131 51,1 seviyesinde ger\u00e7ekle\u015fti.<\/p>\n","protected":false},"excerpt":{"rendered":"<p>Avrupa piyasalar\u0131nda faiz art\u0131r\u0131m\u0131 beklentileri d\u00fcnya genelinde belirgin bi\u00e7imde g\u00fc\u00e7lendi. Fransa, Almanya, \u0130talya, Avro B\u00f6lgesi ve \u0130ngiltere\u2019den gelen son PMI,<\/p>\n","protected":false},"author":1,"featured_media":0,"comment_status":"open","ping_status":"open","sticky":false,"template":"","format":"standard","meta":{"colormag_page_container_layout":"default_layout","colormag_page_sidebar_layout":"default_layout","footnotes":""},"categories":[8],"tags":[3328,76,3329],"class_list":["post-14112","post","type-post","status-publish","format-standard","hentry","category-son-dakikalar","tag-avrupa-faiz-beklentileri","tag-enflasyon","tag-pmi-verileri"],"_links":{"self":[{"href":"https:\/\/fxknews.com\/index.php?rest_route=\/wp\/v2\/posts\/14112","targetHints":{"allow":["GET"]}}],"collection":[{"href":"https:\/\/fxknews.com\/index.php?rest_route=\/wp\/v2\/posts"}],"about":[{"href":"https:\/\/fxknews.com\/index.php?rest_route=\/wp\/v2\/types\/post"}],"author":[{"embeddable":true,"href":"https:\/\/fxknews.com\/index.php?rest_route=\/wp\/v2\/users\/1"}],"replies":[{"embeddable":true,"href":"https:\/\/fxknews.com\/index.php?rest_route=%2Fwp%2Fv2%2Fcomments&post=14112"}],"version-history":[{"count":1,"href":"https:\/\/fxknews.com\/index.php?rest_route=\/wp\/v2\/posts\/14112\/revisions"}],"predecessor-version":[{"id":14118,"href":"https:\/\/fxknews.com\/index.php?rest_route=\/wp\/v2\/posts\/14112\/revisions\/14118"}],"wp:attachment":[{"href":"https:\/\/fxknews.com\/index.php?rest_route=%2Fwp%2Fv2%2Fmedia&parent=14112"}],"wp:term":[{"taxonomy":"category","embeddable":true,"href":"https:\/\/fxknews.com\/index.php?rest_route=%2Fwp%2Fv2%2Fcategories&post=14112"},{"taxonomy":"post_tag","embeddable":true,"href":"https:\/\/fxknews.com\/index.php?rest_route=%2Fwp%2Fv2%2Ftags&post=14112"}],"curies":[{"name":"wp","href":"https:\/\/api.w.org\/{rel}","templated":true}]}}