{"id":14170,"date":"2026-09-02T13:51:10","date_gmt":"2026-09-02T10:51:10","guid":{"rendered":"https:\/\/fxknews.com\/?p=14170"},"modified":"2026-09-02T13:51:14","modified_gmt":"2026-09-02T10:51:14","slug":"14170","status":"publish","type":"post","link":"https:\/\/fxknews.com\/?p=14170","title":{"rendered":""},"content":{"rendered":"\n<p class=\"wp-block-paragraph\">T\u00fcrkiye Cumhurba\u015fkan\u0131 Recep Tayyip Erdo\u011fan, T\u00fcrkiye&#8217;nin \u015eanghay \u0130\u015fbirli\u011fi \u00d6rg\u00fct\u00fc (\u015e\u0130\u00d6) ile ili\u015fkisini tam \u00fcyelik seviyesine y\u00fckseltmeyi de\u011ferlendirece\u011fini belirtti ve bunun Bat\u0131 ile mevcut ittifaklardan ayr\u0131lmay\u0131 gerektirmeyece\u011fini vurgulad\u0131.<\/p>\n","protected":false},"excerpt":{"rendered":"<p>T\u00fcrkiye Cumhurba\u015fkan\u0131 Recep Tayyip Erdo\u011fan, T\u00fcrkiye&#8217;nin \u015eanghay \u0130\u015fbirli\u011fi \u00d6rg\u00fct\u00fc (\u015e\u0130\u00d6) ile ili\u015fkisini tam \u00fcyelik seviyesine y\u00fckseltmeyi de\u011ferlendirece\u011fini belirtti ve bunun<\/p>\n","protected":false},"author":1,"featured_media":0,"comment_status":"open","ping_status":"open","sticky":false,"template":"","format":"standard","meta":{"colormag_page_container_layout":"default_layout","colormag_page_sidebar_layout":"default_layout","footnotes":""},"categories":[8],"tags":[111],"class_list":["post-14170","post","type-post","status-publish","format-standard","hentry","category-son-dakikalar","tag-erdogan"],"_links":{"self":[{"href":"https:\/\/fxknews.com\/index.php?rest_route=\/wp\/v2\/posts\/14170","targetHints":{"allow":["GET"]}}],"collection":[{"href":"https:\/\/fxknews.com\/index.php?rest_route=\/wp\/v2\/posts"}],"about":[{"href":"https:\/\/fxknews.com\/index.php?rest_route=\/wp\/v2\/types\/post"}],"author":[{"embeddable":true,"href":"https:\/\/fxknews.com\/index.php?rest_route=\/wp\/v2\/users\/1"}],"replies":[{"embeddable":true,"href":"https:\/\/fxknews.com\/index.php?rest_route=%2Fwp%2Fv2%2Fcomments&post=14170"}],"version-history":[{"count":1,"href":"https:\/\/fxknews.com\/index.php?rest_route=\/wp\/v2\/posts\/14170\/revisions"}],"predecessor-version":[{"id":14171,"href":"https:\/\/fxknews.com\/index.php?rest_route=\/wp\/v2\/posts\/14170\/revisions\/14171"}],"wp:attachment":[{"href":"https:\/\/fxknews.com\/index.php?rest_route=%2Fwp%2Fv2%2Fmedia&parent=14170"}],"wp:term":[{"taxonomy":"category","embeddable":true,"href":"https:\/\/fxknews.com\/index.php?rest_route=%2Fwp%2Fv2%2Fcategories&post=14170"},{"taxonomy":"post_tag","embeddable":true,"href":"https:\/\/fxknews.com\/index.php?rest_route=%2Fwp%2Fv2%2Ftags&post=14170"}],"curies":[{"name":"wp","href":"https:\/\/api.w.org\/{rel}","templated":true}]}}